{"id":1131,"date":"2021-02-10T13:03:59","date_gmt":"2021-02-10T16:03:59","guid":{"rendered":"http:\/\/cultura.sma.gob.ar\/?p=1131"},"modified":"2021-02-11T09:09:43","modified_gmt":"2021-02-11T12:09:43","slug":"exposicion-colectiva-de-artistas-locales-y-regionales","status":"publish","type":"post","link":"https:\/\/cultura.sma.gob.ar\/?p=1131","title":{"rendered":"Exposici\u00f3n colectiva de artistas locales y regionales"},"content":{"rendered":"\n<figure class=\"wp-block-image size-large\"><img loading=\"lazy\" decoding=\"async\" width=\"1024\" height=\"1024\" src=\"http:\/\/cultura.sma.gob.ar\/wp-content\/uploads\/2021\/02\/expo-feb-21-02-1024x1024.jpg\" alt=\"\" class=\"wp-image-1132\" srcset=\"https:\/\/cultura.sma.gob.ar\/wp-content\/uploads\/2021\/02\/expo-feb-21-02-1024x1024.jpg 1024w, https:\/\/cultura.sma.gob.ar\/wp-content\/uploads\/2021\/02\/expo-feb-21-02-300x300.jpg 300w, https:\/\/cultura.sma.gob.ar\/wp-content\/uploads\/2021\/02\/expo-feb-21-02-150x150.jpg 150w, https:\/\/cultura.sma.gob.ar\/wp-content\/uploads\/2021\/02\/expo-feb-21-02-768x768.jpg 768w, https:\/\/cultura.sma.gob.ar\/wp-content\/uploads\/2021\/02\/expo-feb-21-02-1536x1536.jpg 1536w, https:\/\/cultura.sma.gob.ar\/wp-content\/uploads\/2021\/02\/expo-feb-21-02-90x90.jpg 90w, https:\/\/cultura.sma.gob.ar\/wp-content\/uploads\/2021\/02\/expo-feb-21-02.jpg 1875w\" sizes=\"auto, (max-width: 1024px) 100vw, 1024px\" \/><\/figure>\n\n\n\n<p>El pr\u00f3ximo lunes 15 de febrero abre la muestra colectiva de artistas locales y regionales en la Sala Lidaura Chapitel. Los horarios de visita son de lunes a viernes de 17 a 21hs. <\/p>\n\n\n\n<p>Se solicita a la concurrencia utilizar barbijo de forma obligatoria y respetar la distancia e indicaciones del personal de sala.<\/p>\n\n\n\n<p><strong>Sobre la muestra:<\/strong><\/p>\n\n\n\n<p>Una estructura cambiante y heterog\u00e9na, m\u00f3vil en el tiempo con partes&nbsp; integrantes de una escena art\u00edstica que discurre en lo divergente y semejante.<\/p>\n\n\n\n<p>As\u00ed se constituye esta muestra que agrupa a las y los artistas que producen y crean con tan diferentes recorridos, pertenencias disciplinares, formatos y conceptos.<\/p>\n\n\n\n<p>Reunidos, encontr\u00e1ndonos nuevamente en la querida sala Chapitel, haciendo y diciendo en un a\u00f1o particularmente dif\u00edcil.<\/p>\n\n\n\n<p>Es por eso que hoy revalorizamos los espacios que se vuelven a ocupar de sentido y reflexiones, de met\u00e1foras y preguntas. Y todo eso es el trabajo de los artistas. Gracias a ellas y ellos.<\/p>\n","protected":false},"excerpt":{"rendered":"<p>Apertura mi\u00e9rcoles 17 de febrero. <a href=\"https:\/\/cultura.sma.gob.ar\/?p=1131\" class=\"more-link\">Continue reading <span class=\"screen-reader-text\">Exposici\u00f3n colectiva de artistas locales y regionales<\/span><\/a><\/p>\n","protected":false},"author":1,"featured_media":295,"comment_status":"closed","ping_status":"","sticky":false,"template":"","format":"image","meta":{"footnotes":""},"categories":[6],"tags":[],"class_list":["post-1131","post","type-post","status-publish","format-image","has-post-thumbnail","hentry","category-sala-lidaura-chapitel","post_format-post-format-image"],"_links":{"self":[{"href":"https:\/\/cultura.sma.gob.ar\/index.php?rest_route=\/wp\/v2\/posts\/1131","targetHints":{"allow":["GET"]}}],"collection":[{"href":"https:\/\/cultura.sma.gob.ar\/index.php?rest_route=\/wp\/v2\/posts"}],"about":[{"href":"https:\/\/cultura.sma.gob.ar\/index.php?rest_route=\/wp\/v2\/types\/post"}],"author":[{"embeddable":true,"href":"https:\/\/cultura.sma.gob.ar\/index.php?rest_route=\/wp\/v2\/users\/1"}],"replies":[{"embeddable":true,"href":"https:\/\/cultura.sma.gob.ar\/index.php?rest_route=%2Fwp%2Fv2%2Fcomments&post=1131"}],"version-history":[{"count":2,"href":"https:\/\/cultura.sma.gob.ar\/index.php?rest_route=\/wp\/v2\/posts\/1131\/revisions"}],"predecessor-version":[{"id":1140,"href":"https:\/\/cultura.sma.gob.ar\/index.php?rest_route=\/wp\/v2\/posts\/1131\/revisions\/1140"}],"wp:featuredmedia":[{"embeddable":true,"href":"https:\/\/cultura.sma.gob.ar\/index.php?rest_route=\/wp\/v2\/media\/295"}],"wp:attachment":[{"href":"https:\/\/cultura.sma.gob.ar\/index.php?rest_route=%2Fwp%2Fv2%2Fmedia&parent=1131"}],"wp:term":[{"taxonomy":"category","embeddable":true,"href":"https:\/\/cultura.sma.gob.ar\/index.php?rest_route=%2Fwp%2Fv2%2Fcategories&post=1131"},{"taxonomy":"post_tag","embeddable":true,"href":"https:\/\/cultura.sma.gob.ar\/index.php?rest_route=%2Fwp%2Fv2%2Ftags&post=1131"}],"curies":[{"name":"wp","href":"https:\/\/api.w.org\/{rel}","templated":true}]}}