{"id":1115,"date":"2021-02-03T11:04:58","date_gmt":"2021-02-03T14:04:58","guid":{"rendered":"http:\/\/cultura.sma.gob.ar\/?p=1115"},"modified":"2021-02-03T11:04:58","modified_gmt":"2021-02-03T14:04:58","slug":"cuatro-estaciones-danza-contemporanea","status":"publish","type":"post","link":"https:\/\/cultura.sma.gob.ar\/?p=1115","title":{"rendered":"Cuatro Estaciones &#8211; Danza Contempor\u00e1nea"},"content":{"rendered":"\n<figure class=\"wp-block-image size-large\"><img loading=\"lazy\" decoding=\"async\" width=\"724\" height=\"1024\" src=\"http:\/\/cultura.sma.gob.ar\/wp-content\/uploads\/2021\/02\/Flyer-Las-Cuatro-Estaciones-1-724x1024.jpg\" alt=\"\" class=\"wp-image-1116\" srcset=\"https:\/\/cultura.sma.gob.ar\/wp-content\/uploads\/2021\/02\/Flyer-Las-Cuatro-Estaciones-1-724x1024.jpg 724w, https:\/\/cultura.sma.gob.ar\/wp-content\/uploads\/2021\/02\/Flyer-Las-Cuatro-Estaciones-1-212x300.jpg 212w, https:\/\/cultura.sma.gob.ar\/wp-content\/uploads\/2021\/02\/Flyer-Las-Cuatro-Estaciones-1-768x1087.jpg 768w, https:\/\/cultura.sma.gob.ar\/wp-content\/uploads\/2021\/02\/Flyer-Las-Cuatro-Estaciones-1-64x90.jpg 64w, https:\/\/cultura.sma.gob.ar\/wp-content\/uploads\/2021\/02\/Flyer-Las-Cuatro-Estaciones-1.jpg 793w\" sizes=\"auto, (max-width: 724px) 100vw, 724px\" \/><\/figure>\n\n\n\n<p>El pr\u00f3ximo s\u00e1bado 27 de febrero a las 20:00hs, llega una nueva presentaci\u00f3n con p\u00fablico en nuestra querida Sala Amankay. A pedido del p\u00fablico, despu\u00e9s de cuatro presentaciones en el mes de enero, llega \u201cLAS CUATRO ESTACIONES\u201d de Paradise Ballet.<\/p>\n\n\n\n<p>Manteniendo todos los protocolos sanitarios vigentes para la seguridad de todos, vuelve este imperdible espect\u00e1culo de Danza Contempor\u00e1nea dirigido por Natalia Lamberti.<\/p>\n\n\n\n<p>Las entradas son numeradas, con cupos limitados, y ya est\u00e1n a la venta en la boleteria del Centro Cultural, de martes a s\u00e1bado de 18hs a 21hs.<br>Valor general: $400.-<\/p>\n\n\n\n<p>S\u00edntesis:<br>Obra de danza contempor\u00e1nea en las que cuatro hermanas encarnan las cuatro estaciones.<br>Se enfrentar\u00e1n al viento del norte que intentar\u00e1 arrebatarles el poder intentando raptar a una de ellas.<br>Primavera recorrer\u00e1 un largo camino para tratar de salvar las estaciones con ayuda de sus hermanas, los cazadores y otros personajes que llegar\u00e1n de otro mundo a darle avisos y ayuda para poder continuar el ciclo de las cuatro estaciones.<\/p>\n\n\n\n<p>En escena el elenco de Paradise Ballet.<br>Catalina Alfaro (primavera)<br>Victoria Seery (invierno)<br>Martina Curruhinca (verano)<br>Katherina Gomez Moreira (oto\u00f1o)<\/p>\n\n\n\n<p>Matias Bohn (viento del norte)<br>Abril Casanova, Lola S\u00e1nchez Jim\u00e9nez y Ana Faundez (apolas)<br>Victoria Seery, Indra Arias, Milena Vilchez, Cande Feryala (bestias)<br>Alice Osbando, Leonel Prada, Guadalupe Mariosa, Manuela Rodriguez, Maite Berninzoni, Zoe Vasallo.<\/p>\n\n\n\n<p>Direcci\u00f3n y coreograf\u00eda: Natalia Lamberti<br>Idea original: Natalia Lamberti\/ Neftali Villalba.<\/p>\n\n\n\n<p>Importante: la obra se realizar\u00e1 con distintos repartos dependiendo de la fecha.<br><em><strong><u>*La realizaci\u00f3n del espect\u00e1culo est\u00e1 sujeta a las disposiciones sanitarias municipales.<\/u><\/strong><\/em><\/p>\n","protected":false},"excerpt":{"rendered":"<p>27 de febrero &#8211; 20hs &#8211; Centro Cultural Cotesma <a href=\"https:\/\/cultura.sma.gob.ar\/?p=1115\" class=\"more-link\">Continue reading <span class=\"screen-reader-text\">Cuatro Estaciones &#8211; Danza Contempor\u00e1nea<\/span><\/a><\/p>\n","protected":false},"author":1,"featured_media":297,"comment_status":"closed","ping_status":"","sticky":false,"template":"","format":"image","meta":{"footnotes":""},"categories":[2],"tags":[],"class_list":["post-1115","post","type-post","status-publish","format-image","has-post-thumbnail","hentry","category-ciudad-cultural","post_format-post-format-image"],"_links":{"self":[{"href":"https:\/\/cultura.sma.gob.ar\/index.php?rest_route=\/wp\/v2\/posts\/1115","targetHints":{"allow":["GET"]}}],"collection":[{"href":"https:\/\/cultura.sma.gob.ar\/index.php?rest_route=\/wp\/v2\/posts"}],"about":[{"href":"https:\/\/cultura.sma.gob.ar\/index.php?rest_route=\/wp\/v2\/types\/post"}],"author":[{"embeddable":true,"href":"https:\/\/cultura.sma.gob.ar\/index.php?rest_route=\/wp\/v2\/users\/1"}],"replies":[{"embeddable":true,"href":"https:\/\/cultura.sma.gob.ar\/index.php?rest_route=%2Fwp%2Fv2%2Fcomments&post=1115"}],"version-history":[{"count":1,"href":"https:\/\/cultura.sma.gob.ar\/index.php?rest_route=\/wp\/v2\/posts\/1115\/revisions"}],"predecessor-version":[{"id":1117,"href":"https:\/\/cultura.sma.gob.ar\/index.php?rest_route=\/wp\/v2\/posts\/1115\/revisions\/1117"}],"wp:featuredmedia":[{"embeddable":true,"href":"https:\/\/cultura.sma.gob.ar\/index.php?rest_route=\/wp\/v2\/media\/297"}],"wp:attachment":[{"href":"https:\/\/cultura.sma.gob.ar\/index.php?rest_route=%2Fwp%2Fv2%2Fmedia&parent=1115"}],"wp:term":[{"taxonomy":"category","embeddable":true,"href":"https:\/\/cultura.sma.gob.ar\/index.php?rest_route=%2Fwp%2Fv2%2Fcategories&post=1115"},{"taxonomy":"post_tag","embeddable":true,"href":"https:\/\/cultura.sma.gob.ar\/index.php?rest_route=%2Fwp%2Fv2%2Ftags&post=1115"}],"curies":[{"name":"wp","href":"https:\/\/api.w.org\/{rel}","templated":true}]}}