{"id":1113,"date":"2021-02-03T11:01:16","date_gmt":"2021-02-03T14:01:16","guid":{"rendered":"http:\/\/cultura.sma.gob.ar\/?p=1113"},"modified":"2021-02-03T11:01:16","modified_gmt":"2021-02-03T14:01:16","slug":"conversatorio-vida-y-obra-de-wily-hassler","status":"publish","type":"post","link":"https:\/\/cultura.sma.gob.ar\/?p=1113","title":{"rendered":"Conversatorio \u201cVida y obra de Wily Hassler\u201d"},"content":{"rendered":"\n<figure class=\"wp-block-image\"><img decoding=\"async\" src=\"http:\/\/culturaprovincia.neuquen.gob.ar\/wp-content\/uploads\/Wily-Hassler-sq.jpeg\" alt=\"\"\/><\/figure>\n\n\n\n<p>La Direcci\u00f3n Provincial de Patrimonio Cultural del Ministerio de las Culturas invita a participar de un nuevo conversatorio en el marco del ciclo \u201cLecturas de Neuqu\u00e9n\u201d que durante dos encuentros virtuales los d\u00edas 4 y 11 de febrero a las 11:00hs v\u00eda Zoom abordar\u00e1 la vida y obra de Wily Hassler.<\/p>\n\n\n\n<p>El conversatorio busca visibilizar la figura del etn\u00f3logo amateur y narrador de sucesos hist\u00f3ricos y ceremoniales mapuches ocurridos en la d\u00e9cada del \u00b450 en el sur neuquino. La obra de Hassler merece ser reconsiderada y difundida, ya que es parte del patrimonio cultural del Neuqu\u00e9n, y por esa raz\u00f3n se realizar\u00e1 este homenaje a qui\u00e9n contribuy\u00f3 desde San Mart\u00edn de los Andes y pueblos aleda\u00f1os a mostrar los sucesos que ocurrieron en esos a\u00f1os, con varios relatos publicados en el prestigioso bolet\u00edn \u201cNeuquenia\u201d, dirigido por el Dr. Gregorio Alvarez.<\/p>\n\n\n\n<p>En el primer encuentro -el jueves 4 de febrero- participar\u00e1 como invitada especial la hija de Wily,&nbsp; Amcecil Hassler, y en la segunda jornada del d\u00eda 11 se realizar\u00e1n comentarios cr\u00edticos de las obras \u201cNguillatunes del Neuqu\u00e9n\u201d y \u201cMilla Pill\u00e1n\u201d.<\/p>\n\n\n\n<p>La actividad es organizada y realizada por Ra\u00fal Mansilla, director de Investigaci\u00f3n Hist\u00f3rica de la Direcci\u00f3n Provincial de Patrimonio Cultural y Anyel\u00e9n Cuevas, jefa de Control y Registro de Museos, de la Direcci\u00f3n de Museos.<\/p>\n\n\n\n<p>Los interesados deben inscribirse para recibir la clave de acceso virtual, enviando solicitud v\u00eda e-mail a la casilla:&nbsp;<a href=\"https:\/\/correo.smandes.gov.ar\/owa\/redir.aspx?C=60f15f0f50824422bc00429e52eaccde&amp;URL=mailto%3acasamuseodegregorio%40gmail.com\">casamuseodegregorio@gmail.com<\/a><\/p>\n","protected":false},"excerpt":{"rendered":"<p>4 y 11 de febrero &#8211; Modalidad virtual <a href=\"https:\/\/cultura.sma.gob.ar\/?p=1113\" class=\"more-link\">Continue reading <span class=\"screen-reader-text\">Conversatorio \u201cVida y obra de Wily Hassler\u201d<\/span><\/a><\/p>\n","protected":false},"author":1,"featured_media":297,"comment_status":"closed","ping_status":"","sticky":false,"template":"","format":"image","meta":{"footnotes":""},"categories":[2],"tags":[],"class_list":["post-1113","post","type-post","status-publish","format-image","has-post-thumbnail","hentry","category-ciudad-cultural","post_format-post-format-image"],"_links":{"self":[{"href":"https:\/\/cultura.sma.gob.ar\/index.php?rest_route=\/wp\/v2\/posts\/1113","targetHints":{"allow":["GET"]}}],"collection":[{"href":"https:\/\/cultura.sma.gob.ar\/index.php?rest_route=\/wp\/v2\/posts"}],"about":[{"href":"https:\/\/cultura.sma.gob.ar\/index.php?rest_route=\/wp\/v2\/types\/post"}],"author":[{"embeddable":true,"href":"https:\/\/cultura.sma.gob.ar\/index.php?rest_route=\/wp\/v2\/users\/1"}],"replies":[{"embeddable":true,"href":"https:\/\/cultura.sma.gob.ar\/index.php?rest_route=%2Fwp%2Fv2%2Fcomments&post=1113"}],"version-history":[{"count":1,"href":"https:\/\/cultura.sma.gob.ar\/index.php?rest_route=\/wp\/v2\/posts\/1113\/revisions"}],"predecessor-version":[{"id":1114,"href":"https:\/\/cultura.sma.gob.ar\/index.php?rest_route=\/wp\/v2\/posts\/1113\/revisions\/1114"}],"wp:featuredmedia":[{"embeddable":true,"href":"https:\/\/cultura.sma.gob.ar\/index.php?rest_route=\/wp\/v2\/media\/297"}],"wp:attachment":[{"href":"https:\/\/cultura.sma.gob.ar\/index.php?rest_route=%2Fwp%2Fv2%2Fmedia&parent=1113"}],"wp:term":[{"taxonomy":"category","embeddable":true,"href":"https:\/\/cultura.sma.gob.ar\/index.php?rest_route=%2Fwp%2Fv2%2Fcategories&post=1113"},{"taxonomy":"post_tag","embeddable":true,"href":"https:\/\/cultura.sma.gob.ar\/index.php?rest_route=%2Fwp%2Fv2%2Ftags&post=1113"}],"curies":[{"name":"wp","href":"https:\/\/api.w.org\/{rel}","templated":true}]}}