{"id":1110,"date":"2021-02-03T10:57:28","date_gmt":"2021-02-03T13:57:28","guid":{"rendered":"http:\/\/cultura.sma.gob.ar\/?p=1110"},"modified":"2021-02-03T10:57:28","modified_gmt":"2021-02-03T13:57:28","slug":"mucha-musica-en-la-calle-segunda-edicion","status":"publish","type":"post","link":"https:\/\/cultura.sma.gob.ar\/?p=1110","title":{"rendered":"Mucha M\u00fasica en la Calle: segunda edici\u00f3n"},"content":{"rendered":"\n<figure class=\"wp-block-image size-large\"><img loading=\"lazy\" decoding=\"async\" width=\"1024\" height=\"1024\" src=\"http:\/\/cultura.sma.gob.ar\/wp-content\/uploads\/2021\/02\/y-Hermandad-4-1024x1024.png\" alt=\"\" class=\"wp-image-1111\" srcset=\"https:\/\/cultura.sma.gob.ar\/wp-content\/uploads\/2021\/02\/y-Hermandad-4-1024x1024.png 1024w, https:\/\/cultura.sma.gob.ar\/wp-content\/uploads\/2021\/02\/y-Hermandad-4-300x300.png 300w, https:\/\/cultura.sma.gob.ar\/wp-content\/uploads\/2021\/02\/y-Hermandad-4-150x150.png 150w, https:\/\/cultura.sma.gob.ar\/wp-content\/uploads\/2021\/02\/y-Hermandad-4-768x768.png 768w, https:\/\/cultura.sma.gob.ar\/wp-content\/uploads\/2021\/02\/y-Hermandad-4-90x90.png 90w, https:\/\/cultura.sma.gob.ar\/wp-content\/uploads\/2021\/02\/y-Hermandad-4.png 1080w\" sizes=\"auto, (max-width: 1024px) 100vw, 1024px\" \/><\/figure>\n\n\n\n<p>Este s\u00e1bado <strong>6 de febrero, desde las 20hs<\/strong>, sobre la calle<strong> Belgrano, entre Villegas y avenida San Mart\u00edn<\/strong>, afuera de la cervecer\u00eda Fassbier, se presentar\u00e1n las bandas locales: <strong>Nimbus y Hermandad.<\/strong>&nbsp;<\/p>\n\n\n\n<p>Nimbus, cuyos integrantes son: Walter Cabrera, Patricio Lagazzi, Israel Contreras y Leonardo Ciccaroni, arrancar\u00e1 cerca de las 20:15hs. Mientras que Hermandad, formada por: Clara Miglioli, Mateo Lihuen Calderoni y Diego Miglioli, iniciar\u00e1 su show alrededor de las 21:30hs.<\/p>\n\n\n\n<p>Cabe aclarar que desde primeras horas del d\u00eda s\u00e1bado, la calle Belgrano, entre San Mart\u00edn y Villegas, se encontrar\u00e1 cerrada al tr\u00e1nsito por preparativos del evento.<\/p>\n\n\n\n<p>Esta propuesta consistir\u00e1 en presentaciones de bandas locales en espacios controlados y delimitados. Para esto se utilizar\u00e1n calles transversales a la avenida San Mart\u00edn, cerrando al tr\u00e1nsito s\u00f3lo una cuadra por evento, y articulando con locales gastron\u00f3micos que podr\u00e1n sacar mesas al espacio p\u00fablico.<\/p>\n\n\n\n<p>Esta actividad se enmarca en el protocolo provincial R58MJG y el decreto nacional DNU 956\/2020.<\/p>\n","protected":false},"excerpt":{"rendered":"<p>S\u00e1bado 6 de febrero, desde las 20hs, afuera de FassBier <a href=\"https:\/\/cultura.sma.gob.ar\/?p=1110\" class=\"more-link\">Continue reading <span class=\"screen-reader-text\">Mucha M\u00fasica en la Calle: segunda edici\u00f3n<\/span><\/a><\/p>\n","protected":false},"author":1,"featured_media":296,"comment_status":"closed","ping_status":"","sticky":false,"template":"","format":"image","meta":{"footnotes":""},"categories":[3,9],"tags":[],"class_list":["post-1110","post","type-post","status-publish","format-image","has-post-thumbnail","hentry","category-eventos-cultura","category-ultimas-noticias","post_format-post-format-image"],"_links":{"self":[{"href":"https:\/\/cultura.sma.gob.ar\/index.php?rest_route=\/wp\/v2\/posts\/1110","targetHints":{"allow":["GET"]}}],"collection":[{"href":"https:\/\/cultura.sma.gob.ar\/index.php?rest_route=\/wp\/v2\/posts"}],"about":[{"href":"https:\/\/cultura.sma.gob.ar\/index.php?rest_route=\/wp\/v2\/types\/post"}],"author":[{"embeddable":true,"href":"https:\/\/cultura.sma.gob.ar\/index.php?rest_route=\/wp\/v2\/users\/1"}],"replies":[{"embeddable":true,"href":"https:\/\/cultura.sma.gob.ar\/index.php?rest_route=%2Fwp%2Fv2%2Fcomments&post=1110"}],"version-history":[{"count":1,"href":"https:\/\/cultura.sma.gob.ar\/index.php?rest_route=\/wp\/v2\/posts\/1110\/revisions"}],"predecessor-version":[{"id":1112,"href":"https:\/\/cultura.sma.gob.ar\/index.php?rest_route=\/wp\/v2\/posts\/1110\/revisions\/1112"}],"wp:featuredmedia":[{"embeddable":true,"href":"https:\/\/cultura.sma.gob.ar\/index.php?rest_route=\/wp\/v2\/media\/296"}],"wp:attachment":[{"href":"https:\/\/cultura.sma.gob.ar\/index.php?rest_route=%2Fwp%2Fv2%2Fmedia&parent=1110"}],"wp:term":[{"taxonomy":"category","embeddable":true,"href":"https:\/\/cultura.sma.gob.ar\/index.php?rest_route=%2Fwp%2Fv2%2Fcategories&post=1110"},{"taxonomy":"post_tag","embeddable":true,"href":"https:\/\/cultura.sma.gob.ar\/index.php?rest_route=%2Fwp%2Fv2%2Ftags&post=1110"}],"curies":[{"name":"wp","href":"https:\/\/api.w.org\/{rel}","templated":true}]}}