{"id":1097,"date":"2021-02-01T10:13:46","date_gmt":"2021-02-01T13:13:46","guid":{"rendered":"http:\/\/cultura.sma.gob.ar\/?p=1097"},"modified":"2021-02-01T10:13:46","modified_gmt":"2021-02-01T13:13:46","slug":"pintando-en-el-barrio-nuevas-fechas","status":"publish","type":"post","link":"https:\/\/cultura.sma.gob.ar\/?p=1097","title":{"rendered":"Pintando en el barrio: nuevas fechas"},"content":{"rendered":"\n<figure class=\"wp-block-image size-large\"><img loading=\"lazy\" decoding=\"async\" width=\"1024\" height=\"1024\" src=\"http:\/\/cultura.sma.gob.ar\/wp-content\/uploads\/2021\/02\/Flyer-Pintando-4-y-5-1024x1024.jpg\" alt=\"\" class=\"wp-image-1098\" srcset=\"https:\/\/cultura.sma.gob.ar\/wp-content\/uploads\/2021\/02\/Flyer-Pintando-4-y-5-1024x1024.jpg 1024w, https:\/\/cultura.sma.gob.ar\/wp-content\/uploads\/2021\/02\/Flyer-Pintando-4-y-5-300x300.jpg 300w, https:\/\/cultura.sma.gob.ar\/wp-content\/uploads\/2021\/02\/Flyer-Pintando-4-y-5-150x150.jpg 150w, https:\/\/cultura.sma.gob.ar\/wp-content\/uploads\/2021\/02\/Flyer-Pintando-4-y-5-768x768.jpg 768w, https:\/\/cultura.sma.gob.ar\/wp-content\/uploads\/2021\/02\/Flyer-Pintando-4-y-5-1536x1536.jpg 1536w, https:\/\/cultura.sma.gob.ar\/wp-content\/uploads\/2021\/02\/Flyer-Pintando-4-y-5-90x90.jpg 90w, https:\/\/cultura.sma.gob.ar\/wp-content\/uploads\/2021\/02\/Flyer-Pintando-4-y-5.jpg 1875w\" sizes=\"auto, (max-width: 1024px) 100vw, 1024px\" \/><\/figure>\n\n\n\n<p>La Secretar\u00eda de Cultura invita a participar del <strong>taller \u201cPintando en el barrio. Arte pl\u00e1stico cielo abierto\u201d<\/strong>, una nueva propuesta coordinada por Marcela Ybarra que consiste en que los vecinos y vecinas puedan retratar el barrio con una mirada art\u00edstica a trav\u00e9s de la pintura. Para llevar esto a cabo se desplegar\u00e1n atriles, lienzos, pinceles y otros elementos. La actividad est\u00e1 destinada para todas la edades y se desarrollar\u00e1 durante de enero y febrero en distintas plazas del pueblo.<\/p>\n\n\n\n<p><strong>Este jueves 4 \u201cPintando en el barrio\u201d estar\u00e1 a partir de las 18 hs en la plaza Eva Per\u00f3n, en el Barrio Las Rosas, frente a la Delegaci\u00f3n Municipal de Vega Centro y el viernes 5, tambi\u00e9n a partir de las 18 hs, estar\u00e1 en la Plaza de El Molino, en el barrio La Cascada, frente a la Junta Vecinal de El Molino.<\/strong><\/p>\n\n\n\n<p>Para participar no es necesaria inscripci\u00f3n previa ni tener conocimientos sobre pintura.&nbsp;<\/p>\n\n\n\n<p>El taller se suspende en caso de lluvia.<\/p>\n\n\n\n<p>Para m\u00e1s informaci\u00f3n pueden escribir a <a href=\"mailto:talleres.cultura@smandes.gov.ar\">talleres.cultura@smandes.gov.ar<\/a> o llamar al 424-804.<\/p>\n","protected":false},"excerpt":{"rendered":"<p>Jueves 4 y viernes 5 de febrero &#8211; 18hs &#8211; Barrio Las Rosas y La Cascada <a href=\"https:\/\/cultura.sma.gob.ar\/?p=1097\" class=\"more-link\">Continue reading <span class=\"screen-reader-text\">Pintando en el barrio: nuevas fechas<\/span><\/a><\/p>\n","protected":false},"author":1,"featured_media":293,"comment_status":"closed","ping_status":"","sticky":false,"template":"","format":"image","meta":{"footnotes":""},"categories":[7],"tags":[],"class_list":["post-1097","post","type-post","status-publish","format-image","has-post-thumbnail","hentry","category-talleres-cultura","post_format-post-format-image"],"_links":{"self":[{"href":"https:\/\/cultura.sma.gob.ar\/index.php?rest_route=\/wp\/v2\/posts\/1097","targetHints":{"allow":["GET"]}}],"collection":[{"href":"https:\/\/cultura.sma.gob.ar\/index.php?rest_route=\/wp\/v2\/posts"}],"about":[{"href":"https:\/\/cultura.sma.gob.ar\/index.php?rest_route=\/wp\/v2\/types\/post"}],"author":[{"embeddable":true,"href":"https:\/\/cultura.sma.gob.ar\/index.php?rest_route=\/wp\/v2\/users\/1"}],"replies":[{"embeddable":true,"href":"https:\/\/cultura.sma.gob.ar\/index.php?rest_route=%2Fwp%2Fv2%2Fcomments&post=1097"}],"version-history":[{"count":1,"href":"https:\/\/cultura.sma.gob.ar\/index.php?rest_route=\/wp\/v2\/posts\/1097\/revisions"}],"predecessor-version":[{"id":1099,"href":"https:\/\/cultura.sma.gob.ar\/index.php?rest_route=\/wp\/v2\/posts\/1097\/revisions\/1099"}],"wp:featuredmedia":[{"embeddable":true,"href":"https:\/\/cultura.sma.gob.ar\/index.php?rest_route=\/wp\/v2\/media\/293"}],"wp:attachment":[{"href":"https:\/\/cultura.sma.gob.ar\/index.php?rest_route=%2Fwp%2Fv2%2Fmedia&parent=1097"}],"wp:term":[{"taxonomy":"category","embeddable":true,"href":"https:\/\/cultura.sma.gob.ar\/index.php?rest_route=%2Fwp%2Fv2%2Fcategories&post=1097"},{"taxonomy":"post_tag","embeddable":true,"href":"https:\/\/cultura.sma.gob.ar\/index.php?rest_route=%2Fwp%2Fv2%2Ftags&post=1097"}],"curies":[{"name":"wp","href":"https:\/\/api.w.org\/{rel}","templated":true}]}}