{"id":1082,"date":"2021-01-28T09:50:29","date_gmt":"2021-01-28T12:50:29","guid":{"rendered":"http:\/\/cultura.sma.gob.ar\/?p=1082"},"modified":"2021-02-16T09:21:25","modified_gmt":"2021-02-16T12:21:25","slug":"dos-cantautores-show-acustico","status":"publish","type":"post","link":"https:\/\/cultura.sma.gob.ar\/?p=1082","title":{"rendered":"Dos cantautores: show ac\u00fastico"},"content":{"rendered":"\n<figure class=\"wp-block-image size-large\"><img loading=\"lazy\" decoding=\"async\" width=\"723\" height=\"1024\" src=\"http:\/\/cultura.sma.gob.ar\/wp-content\/uploads\/2021\/02\/Dos-Cantautores-Flyer-reprogramado-723x1024.jpeg\" alt=\"\" class=\"wp-image-1119\" srcset=\"https:\/\/cultura.sma.gob.ar\/wp-content\/uploads\/2021\/02\/Dos-Cantautores-Flyer-reprogramado-723x1024.jpeg 723w, https:\/\/cultura.sma.gob.ar\/wp-content\/uploads\/2021\/02\/Dos-Cantautores-Flyer-reprogramado-212x300.jpeg 212w, https:\/\/cultura.sma.gob.ar\/wp-content\/uploads\/2021\/02\/Dos-Cantautores-Flyer-reprogramado-768x1087.jpeg 768w, https:\/\/cultura.sma.gob.ar\/wp-content\/uploads\/2021\/02\/Dos-Cantautores-Flyer-reprogramado-64x90.jpeg 64w, https:\/\/cultura.sma.gob.ar\/wp-content\/uploads\/2021\/02\/Dos-Cantautores-Flyer-reprogramado.jpeg 904w\" sizes=\"auto, (max-width: 723px) 100vw, 723px\" \/><\/figure>\n\n\n\n<p>El pr\u00f3ximo S\u00e1bado 20 de Febrero a las 20:30hs en nuestra querida Sala Amankay viviremos una nueva jornada musical. Con cupos limitados y con todos los protocolos sanitarios vigentes, para tu seguridad y la de todos los presentes, SHOW AC\u00daSTICO &#8211; DOS CANTAUTORES tocaran en vivo y con p\u00fablico.&nbsp;<\/p>\n\n\n\n<p><strong>ARTISTAS:<\/strong><\/p>\n\n\n\n<p><strong>Lucas Lobos<\/strong>, es m\u00fasico y docente originario de la provincia de C\u00f3rdoba. Desde el a\u00f1o 2005 estudia bajo sum\u00e1ndose&nbsp;a distintos grupos. En el a\u00f1o 2010 grab\u00f3 en la ciudad de C\u00f3rdoba el disco de uno de estos grupos, el cual incluy\u00f3 5 canciones de su autor\u00eda. Desde ese momento escribi\u00f3 letras, m\u00fasicas, arreglos orquestales y corales; y se desempe\u00f1\u00f3 como bajista, cantante y guitarrista de distintos grupos de rock (nacional e internacional), pop, folklore (argentino y latinoamericano), jazz fusi\u00f3n&#8230; Adem\u00e1s comparti\u00f3 escenarios en distintos festivales de la regi\u00f3n C\u00f3rdoba-Santa Fe tanto en formato banda como ac\u00fastico. En el a\u00f1o 2018 se radica en la Patagonia, instal\u00e1ndose en el a\u00f1o 2019 en San Mart\u00edn de los Andes. Ha compartido escenario junto a bandas como Las Pelotas, El Bordo, Pier, Carajo, La Vela Puerca, Eruca Sativa, Bahiano, Adri\u00e1n Abonizio y Jorge Velando (a estos \u00faltimos dos los acompa\u00f1\u00f3 como m\u00fasico invitado). En paralelo se dedica a presentar sus canciones. El \u00faltimo&nbsp;a\u00f1o comenz\u00f3 la preproducci\u00f3n de su primer EP solista, que ya se encuentra grabado y en proceso de masterizaci\u00f3n. Para esta presentaci\u00f3n en el Centro Cultural, incluir\u00e1 algunas canciones de su autor\u00eda y covers de rock nacional.<\/p>\n\n\n\n<p>Redes de Lucas Lobo:<\/p>\n\n\n\n<p>IG: @un_tal.lucas<\/p>\n\n\n\n<p>YouTube:&nbsp;<a href=\"https:\/\/correo.smandes.gov.ar\/owa\/redir.aspx?C=55b79a8380d04441b360af5d8cebf8c7&amp;URL=https%3a%2f%2fwww.youtube.com%2fchannel%2fUCtXiQNaG_Sp3CFc70u83maw\" target=\"_blank\" rel=\"noreferrer noopener\">https:\/\/www.youtube.com\/channel\/UCtXiQNaG_Sp3CFc70u83maw<\/a><\/p>\n\n\n\n<p>Info compactada del artista Todoconcuerda:&nbsp;<strong>Crist\u00f3bal Rodr\u00edguez<\/strong>, solista Neuquino, que desde principio de 2018, bajo el nombre art\u00edstico Todoconcuerda, trabaja sus canciones grabandolas y difundiendo con su productora independiente &#8220;Todoconcuerda Records&#8221;&nbsp;e interpretandolas&nbsp;en vivo con un sonido Folk fusi\u00f3n r\u00edtmico, electro-ac\u00fastico e interactivo. Sus letras hablan de las aventuras y altibajos de la vida de sus personajes inventados, los cuales, mezcla un poco con su historia personal (como lo ha realizado en su 2do \u00e1lbum, &#8220;El Cantautor&#8221;, que a 9 meses de su estreno, cuenta con m\u00e1s de 25.000 reproducciones y est\u00e1 siendo escuchado en los pa\u00edses de Argentina, Per\u00fa, Chile, Uruguay, Paraguay, M\u00e9xico, Ecuador, Colombia, Estados Unidos, Italia, Espa\u00f1a, entre otros lugares. Su 2do \u00e1lbum est\u00e1 nominado a los Premios Gardel 2021, el cual, lo est\u00e1 presentando en su gira por el pa\u00eds: &#8220;El CantauTour&#8221;. En su canal de&nbsp;YouTube, Todoconcuerda, tiene m\u00e1s de 103.000 reproducciones en YouTube y 10.000 escuchas en Spotify, ambas en apenas 2 a\u00f1os.<\/p>\n\n\n\n<p>Link de YouTube:<a href=\"https:\/\/correo.smandes.gov.ar\/owa\/redir.aspx?C=55b79a8380d04441b360af5d8cebf8c7&amp;URL=https%3a%2f%2fwww.youtube.com%2fchannel%2fUCaTMkozZsnmMjE1KcJ1Xqow\" target=\"_blank\" rel=\"noreferrer noopener\">https:\/\/www.youtube.com\/channel\/UCaTMkozZsnmMjE1KcJ1Xqow<\/a><\/p>\n\n\n\n<p>Link de Spotify:&nbsp;<a href=\"https:\/\/correo.smandes.gov.ar\/owa\/redir.aspx?C=55b79a8380d04441b360af5d8cebf8c7&amp;URL=https%3a%2f%2fopen.spotify.com%2fartist%2f5humskeE1RcXTRmercmoJH%3fsi%3dx7YNGag0RFCXnaSxLQ4Pmg\" target=\"_blank\" rel=\"noreferrer noopener\">https:\/\/open.spotify.com\/artist\/5humskeE1RcXTRmercmoJH?si=x7YNGag0RFCXnaSxLQ4Pmg<\/a><\/p>\n\n\n\n<p><strong>Redes sociales:<\/strong><\/p>\n\n\n\n<p><a href=\"https:\/\/www.instagram.com\/todoconcuerdaoficial\/?hl=es-la\">https:\/\/www.instagram.com\/todoconcuerdaoficial\/?hl=es-la<\/a><\/p>\n\n\n\n<p><a href=\"https:\/\/www.facebook.com\/TodoconcuerdaOficial\/\">https:\/\/www.facebook.com\/TodoconcuerdaOficial\/<\/a><\/p>\n\n\n\n<p>Su biograf\u00eda:&nbsp;<a href=\"https:\/\/correo.smandes.gov.ar\/owa\/redir.aspx?C=55b79a8380d04441b360af5d8cebf8c7&amp;URL=https%3a%2f%2ftodoconcuerda.webnode.es%2fbiografia-todoconcuerda%2f\" target=\"_blank\" rel=\"noreferrer noopener\">https:\/\/todoconcuerda.webnode.es\/biografia-todoconcuerda\/<\/a>&nbsp;&nbsp;<\/p>\n\n\n\n<p>Noticias en diarios y radios:&nbsp;<a href=\"https:\/\/correo.smandes.gov.ar\/owa\/redir.aspx?C=55b79a8380d04441b360af5d8cebf8c7&amp;URL=https%3a%2f%2ftodoconcuerda.webnode.es%2f\" target=\"_blank\" rel=\"noreferrer noopener\">https:\/\/todoconcuerda.webnode.es\/<\/a><\/p>\n\n\n\n<p>N\u00famero de contacto: 341 3459082<\/p>\n\n\n\n<p>Nombre del show del s\u00e1bado 20 de febrero:<\/p>\n\n\n\n<p>&#8211; &#8220;Show ac\u00fastico &#8211; Dos Cantautores&#8221;.<\/p>\n\n\n\n<p>&#8211; Un tal Lucas y Todoconcuerda.<\/p>\n\n\n\n<p>&#8211; 20:30hs<\/p>\n\n\n\n<p>Valor de la entrada: $300&nbsp;<\/p>\n\n\n\n<p><\/p>\n","protected":false},"excerpt":{"rendered":"<p>S\u00e1bado 20 de febrero &#8211; 20:30hs <a href=\"https:\/\/cultura.sma.gob.ar\/?p=1082\" class=\"more-link\">Continue reading <span class=\"screen-reader-text\">Dos cantautores: show ac\u00fastico<\/span><\/a><\/p>\n","protected":false},"author":1,"featured_media":297,"comment_status":"closed","ping_status":"","sticky":false,"template":"","format":"image","meta":{"footnotes":""},"categories":[2],"tags":[],"class_list":["post-1082","post","type-post","status-publish","format-image","has-post-thumbnail","hentry","category-ciudad-cultural","post_format-post-format-image"],"_links":{"self":[{"href":"https:\/\/cultura.sma.gob.ar\/index.php?rest_route=\/wp\/v2\/posts\/1082","targetHints":{"allow":["GET"]}}],"collection":[{"href":"https:\/\/cultura.sma.gob.ar\/index.php?rest_route=\/wp\/v2\/posts"}],"about":[{"href":"https:\/\/cultura.sma.gob.ar\/index.php?rest_route=\/wp\/v2\/types\/post"}],"author":[{"embeddable":true,"href":"https:\/\/cultura.sma.gob.ar\/index.php?rest_route=\/wp\/v2\/users\/1"}],"replies":[{"embeddable":true,"href":"https:\/\/cultura.sma.gob.ar\/index.php?rest_route=%2Fwp%2Fv2%2Fcomments&post=1082"}],"version-history":[{"count":3,"href":"https:\/\/cultura.sma.gob.ar\/index.php?rest_route=\/wp\/v2\/posts\/1082\/revisions"}],"predecessor-version":[{"id":1157,"href":"https:\/\/cultura.sma.gob.ar\/index.php?rest_route=\/wp\/v2\/posts\/1082\/revisions\/1157"}],"wp:featuredmedia":[{"embeddable":true,"href":"https:\/\/cultura.sma.gob.ar\/index.php?rest_route=\/wp\/v2\/media\/297"}],"wp:attachment":[{"href":"https:\/\/cultura.sma.gob.ar\/index.php?rest_route=%2Fwp%2Fv2%2Fmedia&parent=1082"}],"wp:term":[{"taxonomy":"category","embeddable":true,"href":"https:\/\/cultura.sma.gob.ar\/index.php?rest_route=%2Fwp%2Fv2%2Fcategories&post=1082"},{"taxonomy":"post_tag","embeddable":true,"href":"https:\/\/cultura.sma.gob.ar\/index.php?rest_route=%2Fwp%2Fv2%2Ftags&post=1082"}],"curies":[{"name":"wp","href":"https:\/\/api.w.org\/{rel}","templated":true}]}}