{"id":1079,"date":"2021-01-28T09:45:01","date_gmt":"2021-01-28T12:45:01","guid":{"rendered":"http:\/\/cultura.sma.gob.ar\/?p=1079"},"modified":"2021-01-28T09:45:01","modified_gmt":"2021-01-28T12:45:01","slug":"la-ultima-unipersonal-centro-cultural-cotesma","status":"publish","type":"post","link":"https:\/\/cultura.sma.gob.ar\/?p=1079","title":{"rendered":"La \u00daltima: unipersonal &#8211; Centro Cultural Cotesma"},"content":{"rendered":"\n<figure class=\"wp-block-image size-large\"><img loading=\"lazy\" decoding=\"async\" width=\"1024\" height=\"1024\" src=\"http:\/\/cultura.sma.gob.ar\/wp-content\/uploads\/2021\/01\/Flyer-1-1-1024x1024.png\" alt=\"\" class=\"wp-image-1080\" srcset=\"https:\/\/cultura.sma.gob.ar\/wp-content\/uploads\/2021\/01\/Flyer-1-1-1024x1024.png 1024w, https:\/\/cultura.sma.gob.ar\/wp-content\/uploads\/2021\/01\/Flyer-1-1-300x300.png 300w, https:\/\/cultura.sma.gob.ar\/wp-content\/uploads\/2021\/01\/Flyer-1-1-150x150.png 150w, https:\/\/cultura.sma.gob.ar\/wp-content\/uploads\/2021\/01\/Flyer-1-1-768x767.png 768w, https:\/\/cultura.sma.gob.ar\/wp-content\/uploads\/2021\/01\/Flyer-1-1-90x90.png 90w, https:\/\/cultura.sma.gob.ar\/wp-content\/uploads\/2021\/01\/Flyer-1-1.png 1201w\" sizes=\"auto, (max-width: 1024px) 100vw, 1024px\" \/><\/figure>\n\n\n\n<p>El pr\u00f3ximo s\u00e1bado, 06 de enero a las 21hs en la Sala Amankay del Centro Cultural Cotesma, volvemos a disfrutar una noche de teatro con p\u00fablico.<br>Con entradas limitadas y todos los protocolos sanitarios vigentes para la seguridad de todos, llega \u201cLA \u00daLTIMA\u201d, unipersonal dirigido por Agust\u00edn Lostra y protagonizado por el actor local Francisco Urretabizkaya.<\/p>\n\n\n\n<p>SINOPSIS<br>\u201cElla se ha ido. Y esta vez es en serio; pasaron ya su \u00faltima noche juntos.<br>\u00c9l se queda. Recibe las descargas de la soledad, del desamor y la rabia de su deseo. En su impotencia va y viene entre poseer y ser pose\u00eddo por las fuerzas de la pasi\u00f3n trunca donde se juegan las miserias del poder de su hombr\u00eda\u201d.<\/p>\n\n\n\n<p>SOBRE LOS ARTISTAS:<br>Agust\u00edn Lostra naci\u00f3 en Trelew en 1993. Es escritor, actor y director de cine y teatro.<br>Radicado en La Plata, se gradu\u00f3 como licenciado y profesor en artes audiovisuales y es integrante de Revista Pulsi\u00f3n (sobre cine) y del grupo esc\u00e9nico Galp\u00f3n Momo Teatro.<br>Se ha formado en actuaci\u00f3n y danza en los talleres de Febe Chaves, Nora Oneto, Carolina Donnantuoni, Silvio Lang y Hern\u00e1n Franco, Pompeyo Audivert, Ra\u00fal Iaiza, Julieta Ranno y Anal\u00eda Carl\u00e9; y en dramaturgia con Beatriz Catani y Santiago Loza.<br>En materia esc\u00e9nica ha actuado en&nbsp;<em>Proyecto Cero<\/em>&nbsp;(2018-2019),&nbsp;<em>La Turn<\/em>\u00e9 (2019), asistido la direcci\u00f3n en la obra&nbsp;<em>Fuego en tus ojos<\/em>&nbsp;(2018-2019) y dirigido las performances&nbsp;<em>Pantallazo TV<\/em>&nbsp;(2017) y&nbsp;<em>M\u00e9dium<\/em>&nbsp;(2017).<\/p>\n\n\n\n<p>Francisco Urretabizkaya naci\u00f3 en San Mart\u00edn de los Andes (1991). Actualmente vive en La Plata. Es actor, m\u00fasico y bailar\u00edn.<br>Estudi\u00f3 la carrera de actuaci\u00f3n en la Escuela de Teatro de La Plata.<br>Trabaj\u00f3 como int\u00e9rprete y director con el grupo Me Sangra Teatro en las obras&nbsp;<em>Trastornos del pacto natural<\/em>&nbsp;(2016) y&nbsp;<em>Los de la bolsa<\/em>&nbsp;(2018\/2019).<\/p>\n\n\n\n<p>Entradas Numeradas en venta en la Boleteria del Centro Cultural a partir del s\u00e1bado 16 de 18hs a 21hs.<br>Valor $400.-<\/p>\n\n\n\n<p><strong><em><u>*La realizaci\u00f3n del espect\u00e1culo est\u00e1 sujeta a las disposiciones sanitarias municipales.<\/u><\/em><\/strong><\/p>\n","protected":false},"excerpt":{"rendered":"<p>Sabado 6 de febrero &#8211; 21hs <a href=\"https:\/\/cultura.sma.gob.ar\/?p=1079\" class=\"more-link\">Continue reading <span class=\"screen-reader-text\">La \u00daltima: unipersonal &#8211; Centro Cultural Cotesma<\/span><\/a><\/p>\n","protected":false},"author":1,"featured_media":297,"comment_status":"closed","ping_status":"","sticky":false,"template":"","format":"image","meta":{"footnotes":""},"categories":[2],"tags":[],"class_list":["post-1079","post","type-post","status-publish","format-image","has-post-thumbnail","hentry","category-ciudad-cultural","post_format-post-format-image"],"_links":{"self":[{"href":"https:\/\/cultura.sma.gob.ar\/index.php?rest_route=\/wp\/v2\/posts\/1079","targetHints":{"allow":["GET"]}}],"collection":[{"href":"https:\/\/cultura.sma.gob.ar\/index.php?rest_route=\/wp\/v2\/posts"}],"about":[{"href":"https:\/\/cultura.sma.gob.ar\/index.php?rest_route=\/wp\/v2\/types\/post"}],"author":[{"embeddable":true,"href":"https:\/\/cultura.sma.gob.ar\/index.php?rest_route=\/wp\/v2\/users\/1"}],"replies":[{"embeddable":true,"href":"https:\/\/cultura.sma.gob.ar\/index.php?rest_route=%2Fwp%2Fv2%2Fcomments&post=1079"}],"version-history":[{"count":1,"href":"https:\/\/cultura.sma.gob.ar\/index.php?rest_route=\/wp\/v2\/posts\/1079\/revisions"}],"predecessor-version":[{"id":1081,"href":"https:\/\/cultura.sma.gob.ar\/index.php?rest_route=\/wp\/v2\/posts\/1079\/revisions\/1081"}],"wp:featuredmedia":[{"embeddable":true,"href":"https:\/\/cultura.sma.gob.ar\/index.php?rest_route=\/wp\/v2\/media\/297"}],"wp:attachment":[{"href":"https:\/\/cultura.sma.gob.ar\/index.php?rest_route=%2Fwp%2Fv2%2Fmedia&parent=1079"}],"wp:term":[{"taxonomy":"category","embeddable":true,"href":"https:\/\/cultura.sma.gob.ar\/index.php?rest_route=%2Fwp%2Fv2%2Fcategories&post=1079"},{"taxonomy":"post_tag","embeddable":true,"href":"https:\/\/cultura.sma.gob.ar\/index.php?rest_route=%2Fwp%2Fv2%2Ftags&post=1079"}],"curies":[{"name":"wp","href":"https:\/\/api.w.org\/{rel}","templated":true}]}}