{"id":1070,"date":"2021-01-27T09:33:09","date_gmt":"2021-01-27T12:33:09","guid":{"rendered":"http:\/\/cultura.sma.gob.ar\/?p=1070"},"modified":"2021-01-27T09:33:09","modified_gmt":"2021-01-27T12:33:09","slug":"conversatorio-sobre-la-vida-y-obra-de-bertha-koessler-ultimo-encuentro","status":"publish","type":"post","link":"https:\/\/cultura.sma.gob.ar\/?p=1070","title":{"rendered":"Conversatorio sobre la vida y obra de Bertha Koessler: \u00faltimo encuentro"},"content":{"rendered":"\n<figure class=\"wp-block-image size-large\"><img loading=\"lazy\" decoding=\"async\" width=\"526\" height=\"526\" src=\"http:\/\/cultura.sma.gob.ar\/wp-content\/uploads\/2021\/01\/Ultimo.jpg\" alt=\"\" class=\"wp-image-1071\" srcset=\"https:\/\/cultura.sma.gob.ar\/wp-content\/uploads\/2021\/01\/Ultimo.jpg 526w, https:\/\/cultura.sma.gob.ar\/wp-content\/uploads\/2021\/01\/Ultimo-300x300.jpg 300w, https:\/\/cultura.sma.gob.ar\/wp-content\/uploads\/2021\/01\/Ultimo-150x150.jpg 150w, https:\/\/cultura.sma.gob.ar\/wp-content\/uploads\/2021\/01\/Ultimo-90x90.jpg 90w\" sizes=\"auto, (max-width: 526px) 100vw, 526px\" \/><\/figure>\n\n\n\n<p>El jueves pr\u00f3ximo a las 11hs culminar\u00e1 el ciclo de conversatorios sobre &#8220;Vida y obra de Bertha Koessler Ilg&#8221; durante el que se abordar\u00e1 su figura y el significativo Primer Congreso del \u00c1rea Araucana desarrollado en 1961 en San Mart\u00edn de los Andes. Estar\u00e1n a cargo de la charla Marina Rodr\u00edguez, del Sistema Provincial de Archivo Hist\u00f3rico y Ra\u00fal Mansilla de la Direcci\u00f3n de Investigaci\u00f3n Hist\u00f3rica, del Ministerio de las Culturas de Neuqu\u00e9n. En esta oportunidad se desarrollar\u00e1 el tema y se aportar\u00e1n detalles sobre cartas in\u00e9ditas, recientemente encontradas, de la correspondencia mantenida entre Do\u00f1a Bertha y el Dr. Gregorio \u00c1lvarez. Vale se\u00f1alar que en el citado Congreso participaron antrop\u00f3logos, arque\u00f3logos, historiadores y estudiosos destacados de Argentina y Chile como Alberto Rex Gonz\u00e1lez, Juan Shobinger, Milc\u00edades Vignati, F\u00e9lix Coluccio, entre otros, y a la recordada vecina le fue dedicado el Congreso en el que asisti\u00f3 como invitada especial. Los interesados en participar pueden inscribirse enviando un mail a: <a href=\"https:\/\/correo.smandes.gov.ar\/owa\/redir.aspx?C=55b79a8380d04441b360af5d8cebf8c7&amp;URL=mailto%3acasamuseodegregorio%40gmail.com\">casamuseodegregorio@gmail.com<\/a>, para recibir el enlace que facilita el acceso a la reuni\u00f3n virtual. Con este ciclo organizado por el \u00c1rea de Patrimonio de la Provincia, se intenta visibilizar a una figura cuyos aportes son considerados dentro del acervo cultural del Neuqu\u00e9n y conllevan un homenaje a quien durante cuarenta y cinco a\u00f1os recopil\u00f3 material que hoy es fuente ineludible cuando se investiga el lenguaje y la cosmovisi\u00f3n de pueblos originarios, como lo han manifestado arque\u00f3logos, antrop\u00f3logos, historiadores y ling\u00fcistas, durante los tres conversatorios desarrollados hasta el presente.<\/p>\n","protected":false},"excerpt":{"rendered":"<p>Jueves 28 | 11hs &#8211; modalidad virtual <a href=\"https:\/\/cultura.sma.gob.ar\/?p=1070\" class=\"more-link\">Continue reading <span class=\"screen-reader-text\">Conversatorio sobre la vida y obra de Bertha Koessler: \u00faltimo encuentro<\/span><\/a><\/p>\n","protected":false},"author":1,"featured_media":297,"comment_status":"closed","ping_status":"","sticky":false,"template":"","format":"image","meta":{"footnotes":""},"categories":[2,9],"tags":[],"class_list":["post-1070","post","type-post","status-publish","format-image","has-post-thumbnail","hentry","category-ciudad-cultural","category-ultimas-noticias","post_format-post-format-image"],"_links":{"self":[{"href":"https:\/\/cultura.sma.gob.ar\/index.php?rest_route=\/wp\/v2\/posts\/1070","targetHints":{"allow":["GET"]}}],"collection":[{"href":"https:\/\/cultura.sma.gob.ar\/index.php?rest_route=\/wp\/v2\/posts"}],"about":[{"href":"https:\/\/cultura.sma.gob.ar\/index.php?rest_route=\/wp\/v2\/types\/post"}],"author":[{"embeddable":true,"href":"https:\/\/cultura.sma.gob.ar\/index.php?rest_route=\/wp\/v2\/users\/1"}],"replies":[{"embeddable":true,"href":"https:\/\/cultura.sma.gob.ar\/index.php?rest_route=%2Fwp%2Fv2%2Fcomments&post=1070"}],"version-history":[{"count":1,"href":"https:\/\/cultura.sma.gob.ar\/index.php?rest_route=\/wp\/v2\/posts\/1070\/revisions"}],"predecessor-version":[{"id":1072,"href":"https:\/\/cultura.sma.gob.ar\/index.php?rest_route=\/wp\/v2\/posts\/1070\/revisions\/1072"}],"wp:featuredmedia":[{"embeddable":true,"href":"https:\/\/cultura.sma.gob.ar\/index.php?rest_route=\/wp\/v2\/media\/297"}],"wp:attachment":[{"href":"https:\/\/cultura.sma.gob.ar\/index.php?rest_route=%2Fwp%2Fv2%2Fmedia&parent=1070"}],"wp:term":[{"taxonomy":"category","embeddable":true,"href":"https:\/\/cultura.sma.gob.ar\/index.php?rest_route=%2Fwp%2Fv2%2Fcategories&post=1070"},{"taxonomy":"post_tag","embeddable":true,"href":"https:\/\/cultura.sma.gob.ar\/index.php?rest_route=%2Fwp%2Fv2%2Ftags&post=1070"}],"curies":[{"name":"wp","href":"https:\/\/api.w.org\/{rel}","templated":true}]}}