{"id":1066,"date":"2021-01-25T10:51:16","date_gmt":"2021-01-25T13:51:16","guid":{"rendered":"http:\/\/cultura.sma.gob.ar\/?p=1066"},"modified":"2021-01-25T10:51:16","modified_gmt":"2021-01-25T13:51:16","slug":"pintando-en-el-barrio-arte-plastico-a-cielo-abierto","status":"publish","type":"post","link":"https:\/\/cultura.sma.gob.ar\/?p=1066","title":{"rendered":"Pintando en el barrio: arte pl\u00e1stico a cielo abierto"},"content":{"rendered":"\n<figure class=\"wp-block-image size-large\"><img loading=\"lazy\" decoding=\"async\" width=\"1024\" height=\"1024\" src=\"http:\/\/cultura.sma.gob.ar\/wp-content\/uploads\/2021\/01\/flyer_pintando-en-el-barrio-Doble-1024x1024.jpg\" alt=\"\" class=\"wp-image-1067\" srcset=\"https:\/\/cultura.sma.gob.ar\/wp-content\/uploads\/2021\/01\/flyer_pintando-en-el-barrio-Doble-1024x1024.jpg 1024w, https:\/\/cultura.sma.gob.ar\/wp-content\/uploads\/2021\/01\/flyer_pintando-en-el-barrio-Doble-300x300.jpg 300w, https:\/\/cultura.sma.gob.ar\/wp-content\/uploads\/2021\/01\/flyer_pintando-en-el-barrio-Doble-150x150.jpg 150w, https:\/\/cultura.sma.gob.ar\/wp-content\/uploads\/2021\/01\/flyer_pintando-en-el-barrio-Doble-768x768.jpg 768w, https:\/\/cultura.sma.gob.ar\/wp-content\/uploads\/2021\/01\/flyer_pintando-en-el-barrio-Doble-1536x1536.jpg 1536w, https:\/\/cultura.sma.gob.ar\/wp-content\/uploads\/2021\/01\/flyer_pintando-en-el-barrio-Doble-90x90.jpg 90w, https:\/\/cultura.sma.gob.ar\/wp-content\/uploads\/2021\/01\/flyer_pintando-en-el-barrio-Doble.jpg 1875w\" sizes=\"auto, (max-width: 1024px) 100vw, 1024px\" \/><\/figure>\n\n\n\n<p>La Secretar\u00eda de Cultura invita a participar del taller <strong>\u201cPintando en el barrio: Arte pl\u00e1stico a cielo abierto\u201d<\/strong>, una nueva propuesta coordinada por <strong>Marcela Ybarra <\/strong>que consiste en que los vecinos y vecinas puedan <strong>retratar el barrio con una mirada art\u00edstica a trav\u00e9s de la pintura.&nbsp;<\/strong><\/p>\n\n\n\n<p>Para llevar esto a cabo se desplegar\u00e1n atriles, lienzos, pinceles y otros elementos. La actividad est\u00e1 destinada a personas de todas la edades y se desarrollar\u00e1 durante de enero y febrero en distintas plazas del pueblo.&nbsp;<\/p>\n\n\n\n<p><strong>Este mi\u00e9rcoles 27 \u201cPintando en el barrio\u201d estar\u00e1 a partir de las 18 hs en el play\u00f3n de El Arenal, frente a la Delegaci\u00f3n Municipal y el jueves 28, tambi\u00e9n a partir de las 18 hs, estar\u00e1 en el play\u00f3n de Chacra 4.<\/strong><\/p>\n\n\n\n<p>Para participar no es necesaria inscripci\u00f3n previa ni tener conocimientos sobre pintura.&nbsp;<\/p>\n\n\n\n<p>El taller se suspende en caso de lluvia.<\/p>\n\n\n\n<p>Para m\u00e1s informaci\u00f3n pueden escribir a talleres.cultura@smandes.gov.ar o llamar al 424-804.<\/p>\n","protected":false},"excerpt":{"rendered":"<p>Mi\u00e9rcoles 27 y jueves 28 &#8211; 18hs &#8211; EL Arenal y Chacra 4 <a href=\"https:\/\/cultura.sma.gob.ar\/?p=1066\" class=\"more-link\">Continue reading <span class=\"screen-reader-text\">Pintando en el barrio: arte pl\u00e1stico a cielo abierto<\/span><\/a><\/p>\n","protected":false},"author":1,"featured_media":293,"comment_status":"closed","ping_status":"","sticky":false,"template":"","format":"image","meta":{"footnotes":""},"categories":[7,9],"tags":[],"class_list":["post-1066","post","type-post","status-publish","format-image","has-post-thumbnail","hentry","category-talleres-cultura","category-ultimas-noticias","post_format-post-format-image"],"_links":{"self":[{"href":"https:\/\/cultura.sma.gob.ar\/index.php?rest_route=\/wp\/v2\/posts\/1066","targetHints":{"allow":["GET"]}}],"collection":[{"href":"https:\/\/cultura.sma.gob.ar\/index.php?rest_route=\/wp\/v2\/posts"}],"about":[{"href":"https:\/\/cultura.sma.gob.ar\/index.php?rest_route=\/wp\/v2\/types\/post"}],"author":[{"embeddable":true,"href":"https:\/\/cultura.sma.gob.ar\/index.php?rest_route=\/wp\/v2\/users\/1"}],"replies":[{"embeddable":true,"href":"https:\/\/cultura.sma.gob.ar\/index.php?rest_route=%2Fwp%2Fv2%2Fcomments&post=1066"}],"version-history":[{"count":1,"href":"https:\/\/cultura.sma.gob.ar\/index.php?rest_route=\/wp\/v2\/posts\/1066\/revisions"}],"predecessor-version":[{"id":1068,"href":"https:\/\/cultura.sma.gob.ar\/index.php?rest_route=\/wp\/v2\/posts\/1066\/revisions\/1068"}],"wp:featuredmedia":[{"embeddable":true,"href":"https:\/\/cultura.sma.gob.ar\/index.php?rest_route=\/wp\/v2\/media\/293"}],"wp:attachment":[{"href":"https:\/\/cultura.sma.gob.ar\/index.php?rest_route=%2Fwp%2Fv2%2Fmedia&parent=1066"}],"wp:term":[{"taxonomy":"category","embeddable":true,"href":"https:\/\/cultura.sma.gob.ar\/index.php?rest_route=%2Fwp%2Fv2%2Fcategories&post=1066"},{"taxonomy":"post_tag","embeddable":true,"href":"https:\/\/cultura.sma.gob.ar\/index.php?rest_route=%2Fwp%2Fv2%2Ftags&post=1066"}],"curies":[{"name":"wp","href":"https:\/\/api.w.org\/{rel}","templated":true}]}}