{"id":1047,"date":"2021-01-20T10:18:17","date_gmt":"2021-01-20T13:18:17","guid":{"rendered":"http:\/\/cultura.sma.gob.ar\/?p=1047"},"modified":"2021-01-20T10:18:17","modified_gmt":"2021-01-20T13:18:17","slug":"mucha-musica-en-la-calle-primera-edicion","status":"publish","type":"post","link":"https:\/\/cultura.sma.gob.ar\/?p=1047","title":{"rendered":"Mucha M\u00fasica en la Calle: primera edici\u00f3n"},"content":{"rendered":"\n<figure class=\"wp-block-image size-large\"><img loading=\"lazy\" decoding=\"async\" width=\"1024\" height=\"1024\" src=\"http:\/\/cultura.sma.gob.ar\/wp-content\/uploads\/2021\/01\/mucha-musica-en-la-calle-02-1024x1024.jpg\" alt=\"\" class=\"wp-image-1048\" srcset=\"https:\/\/cultura.sma.gob.ar\/wp-content\/uploads\/2021\/01\/mucha-musica-en-la-calle-02-1024x1024.jpg 1024w, https:\/\/cultura.sma.gob.ar\/wp-content\/uploads\/2021\/01\/mucha-musica-en-la-calle-02-300x300.jpg 300w, https:\/\/cultura.sma.gob.ar\/wp-content\/uploads\/2021\/01\/mucha-musica-en-la-calle-02-150x150.jpg 150w, https:\/\/cultura.sma.gob.ar\/wp-content\/uploads\/2021\/01\/mucha-musica-en-la-calle-02-768x768.jpg 768w, https:\/\/cultura.sma.gob.ar\/wp-content\/uploads\/2021\/01\/mucha-musica-en-la-calle-02-1536x1536.jpg 1536w, https:\/\/cultura.sma.gob.ar\/wp-content\/uploads\/2021\/01\/mucha-musica-en-la-calle-02-90x90.jpg 90w, https:\/\/cultura.sma.gob.ar\/wp-content\/uploads\/2021\/01\/mucha-musica-en-la-calle-02.jpg 1875w\" sizes=\"auto, (max-width: 1024px) 100vw, 1024px\" \/><\/figure>\n\n\n\n<p>Esta propuesta consistir\u00e1 en presentaciones de bandas locales en espacios controlados y delimitados. Para esto se utilizar\u00e1n calles transversales a la avenida San Mart\u00edn, cerrando al tr\u00e1nsito s\u00f3lo una cuadra por evento, y articulando con locales gastron\u00f3micos que podr\u00e1n sacar mesas al espacio p\u00fablico.<\/p>\n\n\n\n<p>La primera edici\u00f3n ser\u00e1 el <strong>s\u00e1bado 23 de enero, desde las 20hs<\/strong>, en la esquina de <strong>Mariano Moreno y avenida San Mart\u00edn<\/strong>. Se presentar\u00e1n las bandas locales: <strong>Alas 440 y Romanosky.&nbsp;<\/strong><\/p>\n\n\n\n<p>Cabe aclarar que desde primeras horas del d\u00eda s\u00e1bado, la calle Mariano Moreno, entre San Mart\u00edn y Villegas, se encontrar\u00e1 cerrada al tr\u00e1nsito por preparativos del evento.<\/p>\n\n\n\n<p>Esta actividad se enmarca en el protocolo provincial R58MJG y el decreto nacional DNU 956\/2020.<\/p>\n","protected":false},"excerpt":{"rendered":"<p>S\u00e1bado 23, desde las 20hs <a href=\"https:\/\/cultura.sma.gob.ar\/?p=1047\" class=\"more-link\">Continue reading <span class=\"screen-reader-text\">Mucha M\u00fasica en la Calle: primera edici\u00f3n<\/span><\/a><\/p>\n","protected":false},"author":1,"featured_media":296,"comment_status":"closed","ping_status":"","sticky":false,"template":"","format":"image","meta":{"footnotes":""},"categories":[3,9],"tags":[],"class_list":["post-1047","post","type-post","status-publish","format-image","has-post-thumbnail","hentry","category-eventos-cultura","category-ultimas-noticias","post_format-post-format-image"],"_links":{"self":[{"href":"https:\/\/cultura.sma.gob.ar\/index.php?rest_route=\/wp\/v2\/posts\/1047","targetHints":{"allow":["GET"]}}],"collection":[{"href":"https:\/\/cultura.sma.gob.ar\/index.php?rest_route=\/wp\/v2\/posts"}],"about":[{"href":"https:\/\/cultura.sma.gob.ar\/index.php?rest_route=\/wp\/v2\/types\/post"}],"author":[{"embeddable":true,"href":"https:\/\/cultura.sma.gob.ar\/index.php?rest_route=\/wp\/v2\/users\/1"}],"replies":[{"embeddable":true,"href":"https:\/\/cultura.sma.gob.ar\/index.php?rest_route=%2Fwp%2Fv2%2Fcomments&post=1047"}],"version-history":[{"count":1,"href":"https:\/\/cultura.sma.gob.ar\/index.php?rest_route=\/wp\/v2\/posts\/1047\/revisions"}],"predecessor-version":[{"id":1049,"href":"https:\/\/cultura.sma.gob.ar\/index.php?rest_route=\/wp\/v2\/posts\/1047\/revisions\/1049"}],"wp:featuredmedia":[{"embeddable":true,"href":"https:\/\/cultura.sma.gob.ar\/index.php?rest_route=\/wp\/v2\/media\/296"}],"wp:attachment":[{"href":"https:\/\/cultura.sma.gob.ar\/index.php?rest_route=%2Fwp%2Fv2%2Fmedia&parent=1047"}],"wp:term":[{"taxonomy":"category","embeddable":true,"href":"https:\/\/cultura.sma.gob.ar\/index.php?rest_route=%2Fwp%2Fv2%2Fcategories&post=1047"},{"taxonomy":"post_tag","embeddable":true,"href":"https:\/\/cultura.sma.gob.ar\/index.php?rest_route=%2Fwp%2Fv2%2Ftags&post=1047"}],"curies":[{"name":"wp","href":"https:\/\/api.w.org\/{rel}","templated":true}]}}