{"id":1045,"date":"2021-01-20T10:15:26","date_gmt":"2021-01-20T13:15:26","guid":{"rendered":"http:\/\/cultura.sma.gob.ar\/?p=1045"},"modified":"2021-01-27T09:37:21","modified_gmt":"2021-01-27T12:37:21","slug":"calle-cultural-primeras-fechas","status":"publish","type":"post","link":"https:\/\/cultura.sma.gob.ar\/?p=1045","title":{"rendered":"Calle Cultural: primeras fechas"},"content":{"rendered":"\n<figure class=\"wp-block-image size-large\"><img loading=\"lazy\" decoding=\"async\" width=\"1024\" height=\"1024\" src=\"http:\/\/cultura.sma.gob.ar\/wp-content\/uploads\/2021\/01\/programa-reencuentro-08-1024x1024.jpg\" alt=\"\" class=\"wp-image-1032\" srcset=\"https:\/\/cultura.sma.gob.ar\/wp-content\/uploads\/2021\/01\/programa-reencuentro-08-1024x1024.jpg 1024w, https:\/\/cultura.sma.gob.ar\/wp-content\/uploads\/2021\/01\/programa-reencuentro-08-300x300.jpg 300w, https:\/\/cultura.sma.gob.ar\/wp-content\/uploads\/2021\/01\/programa-reencuentro-08-150x150.jpg 150w, https:\/\/cultura.sma.gob.ar\/wp-content\/uploads\/2021\/01\/programa-reencuentro-08-768x768.jpg 768w, https:\/\/cultura.sma.gob.ar\/wp-content\/uploads\/2021\/01\/programa-reencuentro-08-90x90.jpg 90w, https:\/\/cultura.sma.gob.ar\/wp-content\/uploads\/2021\/01\/programa-reencuentro-08.jpg 1250w\" sizes=\"auto, (max-width: 1024px) 100vw, 1024px\" \/><\/figure>\n\n\n\n<p>Calle Cultural es una novedosa propuesta para el verano que lleva el arte callejero a los barrios. Para realizar las funciones se convoca a artistas que est\u00e1n inscriptos en el Registro de Trabajadores de la Cultura, Ordenanza N\u00b0 13037.&nbsp;<\/p>\n\n\n\n<p><strong>CRONOGRAMA DE LAS PRIMERAS EDICIONES &#8211; B\u00b0 LAS ROSAS:<\/strong><\/p>\n\n\n\n<ul class=\"wp-block-list\"><li>S\u00e1bado 23, desde las 19:30hs, en Plaza Eva Per\u00f3n &#8211; Presentaci\u00f3n de <strong>Mi Tierra, Florindo Blanco &#8211; Raiko Numa Varela Raggio.<\/strong><\/li><li>Viernes 29, desde las 19:30hs, en Plaza B\u00b0 San Fernando &#8211; Presentaci\u00f3n de <strong>Mago Puflo<\/strong> <strong>(REPROGRAMADO POR PRON\u00d3STICO DE LLUVIAS)<\/strong><\/li><li>S\u00e1bado 30, desde las 19:30hs, en Plaza el Molino &#8211; Presentaci\u00f3n de <strong>Cristal<\/strong> <strong>(REPROGRAMADO POR PRON\u00d3STICO DE LLUVIAS)<\/strong><\/li><\/ul>\n\n\n\n<p>Esta actividad se enmarca en el protocolo provincial R58MJG.<\/p>\n","protected":false},"excerpt":{"rendered":"<p>Nueva propuesta cultural de verano <a href=\"https:\/\/cultura.sma.gob.ar\/?p=1045\" class=\"more-link\">Continue reading <span class=\"screen-reader-text\">Calle Cultural: primeras fechas<\/span><\/a><\/p>\n","protected":false},"author":1,"featured_media":296,"comment_status":"closed","ping_status":"","sticky":false,"template":"","format":"image","meta":{"footnotes":""},"categories":[3,9],"tags":[],"class_list":["post-1045","post","type-post","status-publish","format-image","has-post-thumbnail","hentry","category-eventos-cultura","category-ultimas-noticias","post_format-post-format-image"],"_links":{"self":[{"href":"https:\/\/cultura.sma.gob.ar\/index.php?rest_route=\/wp\/v2\/posts\/1045","targetHints":{"allow":["GET"]}}],"collection":[{"href":"https:\/\/cultura.sma.gob.ar\/index.php?rest_route=\/wp\/v2\/posts"}],"about":[{"href":"https:\/\/cultura.sma.gob.ar\/index.php?rest_route=\/wp\/v2\/types\/post"}],"author":[{"embeddable":true,"href":"https:\/\/cultura.sma.gob.ar\/index.php?rest_route=\/wp\/v2\/users\/1"}],"replies":[{"embeddable":true,"href":"https:\/\/cultura.sma.gob.ar\/index.php?rest_route=%2Fwp%2Fv2%2Fcomments&post=1045"}],"version-history":[{"count":3,"href":"https:\/\/cultura.sma.gob.ar\/index.php?rest_route=\/wp\/v2\/posts\/1045\/revisions"}],"predecessor-version":[{"id":1073,"href":"https:\/\/cultura.sma.gob.ar\/index.php?rest_route=\/wp\/v2\/posts\/1045\/revisions\/1073"}],"wp:featuredmedia":[{"embeddable":true,"href":"https:\/\/cultura.sma.gob.ar\/index.php?rest_route=\/wp\/v2\/media\/296"}],"wp:attachment":[{"href":"https:\/\/cultura.sma.gob.ar\/index.php?rest_route=%2Fwp%2Fv2%2Fmedia&parent=1045"}],"wp:term":[{"taxonomy":"category","embeddable":true,"href":"https:\/\/cultura.sma.gob.ar\/index.php?rest_route=%2Fwp%2Fv2%2Fcategories&post=1045"},{"taxonomy":"post_tag","embeddable":true,"href":"https:\/\/cultura.sma.gob.ar\/index.php?rest_route=%2Fwp%2Fv2%2Ftags&post=1045"}],"curies":[{"name":"wp","href":"https:\/\/api.w.org\/{rel}","templated":true}]}}