{"id":1038,"date":"2021-01-19T12:17:57","date_gmt":"2021-01-19T15:17:57","guid":{"rendered":"http:\/\/cultura.sma.gob.ar\/?p=1038"},"modified":"2021-01-19T12:17:57","modified_gmt":"2021-01-19T15:17:57","slug":"expresion-corporal-y-danza-para-ninos-y-ninas-centro-cultural-cotesma","status":"publish","type":"post","link":"https:\/\/cultura.sma.gob.ar\/?p=1038","title":{"rendered":"Expresi\u00f3n corporal y danza para ni\u00f1os y ni\u00f1as &#8211; Centro Cultural Cotesma"},"content":{"rendered":"\n<figure class=\"wp-block-image size-large\"><img loading=\"lazy\" decoding=\"async\" width=\"1024\" height=\"1024\" src=\"http:\/\/cultura.sma.gob.ar\/wp-content\/uploads\/2021\/01\/TALLER-EXP-CORP-Y-DANZA-1024x1024.png\" alt=\"\" class=\"wp-image-1039\" srcset=\"https:\/\/cultura.sma.gob.ar\/wp-content\/uploads\/2021\/01\/TALLER-EXP-CORP-Y-DANZA-1024x1024.png 1024w, https:\/\/cultura.sma.gob.ar\/wp-content\/uploads\/2021\/01\/TALLER-EXP-CORP-Y-DANZA-300x300.png 300w, https:\/\/cultura.sma.gob.ar\/wp-content\/uploads\/2021\/01\/TALLER-EXP-CORP-Y-DANZA-150x150.png 150w, https:\/\/cultura.sma.gob.ar\/wp-content\/uploads\/2021\/01\/TALLER-EXP-CORP-Y-DANZA-768x768.png 768w, https:\/\/cultura.sma.gob.ar\/wp-content\/uploads\/2021\/01\/TALLER-EXP-CORP-Y-DANZA-90x90.png 90w, https:\/\/cultura.sma.gob.ar\/wp-content\/uploads\/2021\/01\/TALLER-EXP-CORP-Y-DANZA.png 1080w\" sizes=\"auto, (max-width: 1024px) 100vw, 1024px\" \/><\/figure>\n\n\n\n<p>A tomar nota y reservando el lugar para tu hijo.<\/p>\n\n\n\n<p>Enero lo comenzamos con todo en el Centro Cultural Cotesma, pero ya les vamos acercando algunas de las imperdibles propuestas que se sumaran en Febrero a nuestra Grilla de Talleres.<br>Con todos los protocolos sanitarios vigentes para tu seguridad y la nuestra, la Docente y Bailarina int\u00e9rprete en Danza Contempor\u00e1nea (Egresada de la Escuela de Danzas Cl\u00e1sicas de La Plata), Malena Saravi Salamanca, realizar\u00e1 un Taller de Expresi\u00f3n Corporal y Danza para Ni\u00f1os.&nbsp;<br>En dicho taller, se pretender\u00e1 guiar a los participantes hacia el descubrimiento de movimientos propios y naturales que les permitan una expresi\u00f3n libre y fluida.<br>El modo de trabajar ser\u00e1 siempre con foco en la improvisaci\u00f3n, la musicalidad,&nbsp;el juego y el autodescubrimiento del propio movimiento.<br>Se ense\u00f1ar\u00e1 a partir de las distintas posibilidades de movimiento que nos permite la m\u00fasica, el espacio, la energ\u00eda, nuestro cuerpo y el cuerpo del otro, incentivando de esta manera la creatividad de cada alumno. Se estimular\u00e1, a su vez, el trabajo grupal (manteniendo la distancia necesaria) y el respeto hacia uno mismo y hacia los compa\u00f1eros.&nbsp;<\/p>\n\n\n\n<p>Cupos limitados por protocolo sanitario.<\/p>\n\n\n\n<p>Contactos:<br>WhatsApp +54 9 221 4549760<br>Facebook e Instagram: @Malena Saravi Salamanca<\/p>\n","protected":false},"excerpt":{"rendered":"<p>Mi\u00e9rcoles de 18:30 a 19:30 <a href=\"https:\/\/cultura.sma.gob.ar\/?p=1038\" class=\"more-link\">Continue reading <span class=\"screen-reader-text\">Expresi\u00f3n corporal y danza para ni\u00f1os y ni\u00f1as &#8211; Centro Cultural Cotesma<\/span><\/a><\/p>\n","protected":false},"author":1,"featured_media":297,"comment_status":"closed","ping_status":"","sticky":false,"template":"","format":"image","meta":{"footnotes":""},"categories":[2],"tags":[],"class_list":["post-1038","post","type-post","status-publish","format-image","has-post-thumbnail","hentry","category-ciudad-cultural","post_format-post-format-image"],"_links":{"self":[{"href":"https:\/\/cultura.sma.gob.ar\/index.php?rest_route=\/wp\/v2\/posts\/1038","targetHints":{"allow":["GET"]}}],"collection":[{"href":"https:\/\/cultura.sma.gob.ar\/index.php?rest_route=\/wp\/v2\/posts"}],"about":[{"href":"https:\/\/cultura.sma.gob.ar\/index.php?rest_route=\/wp\/v2\/types\/post"}],"author":[{"embeddable":true,"href":"https:\/\/cultura.sma.gob.ar\/index.php?rest_route=\/wp\/v2\/users\/1"}],"replies":[{"embeddable":true,"href":"https:\/\/cultura.sma.gob.ar\/index.php?rest_route=%2Fwp%2Fv2%2Fcomments&post=1038"}],"version-history":[{"count":1,"href":"https:\/\/cultura.sma.gob.ar\/index.php?rest_route=\/wp\/v2\/posts\/1038\/revisions"}],"predecessor-version":[{"id":1040,"href":"https:\/\/cultura.sma.gob.ar\/index.php?rest_route=\/wp\/v2\/posts\/1038\/revisions\/1040"}],"wp:featuredmedia":[{"embeddable":true,"href":"https:\/\/cultura.sma.gob.ar\/index.php?rest_route=\/wp\/v2\/media\/297"}],"wp:attachment":[{"href":"https:\/\/cultura.sma.gob.ar\/index.php?rest_route=%2Fwp%2Fv2%2Fmedia&parent=1038"}],"wp:term":[{"taxonomy":"category","embeddable":true,"href":"https:\/\/cultura.sma.gob.ar\/index.php?rest_route=%2Fwp%2Fv2%2Fcategories&post=1038"},{"taxonomy":"post_tag","embeddable":true,"href":"https:\/\/cultura.sma.gob.ar\/index.php?rest_route=%2Fwp%2Fv2%2Ftags&post=1038"}],"curies":[{"name":"wp","href":"https:\/\/api.w.org\/{rel}","templated":true}]}}