{"id":1031,"date":"2021-01-19T11:49:53","date_gmt":"2021-01-19T14:49:53","guid":{"rendered":"http:\/\/cultura.sma.gob.ar\/?p=1031"},"modified":"2021-01-19T11:49:53","modified_gmt":"2021-01-19T14:49:53","slug":"nuevas-propuestas-culturales-de-verano","status":"publish","type":"post","link":"https:\/\/cultura.sma.gob.ar\/?p=1031","title":{"rendered":"NUEVAS PROPUESTAS CULTURALES DE VERANO"},"content":{"rendered":"\n<figure class=\"wp-block-gallery columns-2 is-cropped wp-block-gallery-1 is-layout-flex wp-block-gallery-is-layout-flex\"><ul class=\"blocks-gallery-grid\"><li class=\"blocks-gallery-item\"><figure><img loading=\"lazy\" decoding=\"async\" width=\"1024\" height=\"1024\" src=\"http:\/\/cultura.sma.gob.ar\/wp-content\/uploads\/2021\/01\/programa-reencuentro-08-1024x1024.jpg\" alt=\"\" data-id=\"1032\" data-full-url=\"http:\/\/cultura.sma.gob.ar\/wp-content\/uploads\/2021\/01\/programa-reencuentro-08.jpg\" data-link=\"http:\/\/cultura.sma.gob.ar\/?attachment_id=1032\" class=\"wp-image-1032\" srcset=\"https:\/\/cultura.sma.gob.ar\/wp-content\/uploads\/2021\/01\/programa-reencuentro-08-1024x1024.jpg 1024w, https:\/\/cultura.sma.gob.ar\/wp-content\/uploads\/2021\/01\/programa-reencuentro-08-300x300.jpg 300w, https:\/\/cultura.sma.gob.ar\/wp-content\/uploads\/2021\/01\/programa-reencuentro-08-150x150.jpg 150w, https:\/\/cultura.sma.gob.ar\/wp-content\/uploads\/2021\/01\/programa-reencuentro-08-768x768.jpg 768w, https:\/\/cultura.sma.gob.ar\/wp-content\/uploads\/2021\/01\/programa-reencuentro-08-90x90.jpg 90w, https:\/\/cultura.sma.gob.ar\/wp-content\/uploads\/2021\/01\/programa-reencuentro-08.jpg 1250w\" sizes=\"auto, (max-width: 1024px) 100vw, 1024px\" \/><\/figure><\/li><li class=\"blocks-gallery-item\"><figure><img loading=\"lazy\" decoding=\"async\" width=\"1024\" height=\"1024\" src=\"http:\/\/cultura.sma.gob.ar\/wp-content\/uploads\/2021\/01\/programa-reencuentro-07-1024x1024.jpg\" alt=\"\" data-id=\"1033\" data-full-url=\"http:\/\/cultura.sma.gob.ar\/wp-content\/uploads\/2021\/01\/programa-reencuentro-07.jpg\" data-link=\"http:\/\/cultura.sma.gob.ar\/?attachment_id=1033\" class=\"wp-image-1033\" srcset=\"https:\/\/cultura.sma.gob.ar\/wp-content\/uploads\/2021\/01\/programa-reencuentro-07-1024x1024.jpg 1024w, https:\/\/cultura.sma.gob.ar\/wp-content\/uploads\/2021\/01\/programa-reencuentro-07-300x300.jpg 300w, https:\/\/cultura.sma.gob.ar\/wp-content\/uploads\/2021\/01\/programa-reencuentro-07-150x150.jpg 150w, https:\/\/cultura.sma.gob.ar\/wp-content\/uploads\/2021\/01\/programa-reencuentro-07-768x768.jpg 768w, https:\/\/cultura.sma.gob.ar\/wp-content\/uploads\/2021\/01\/programa-reencuentro-07-90x90.jpg 90w, https:\/\/cultura.sma.gob.ar\/wp-content\/uploads\/2021\/01\/programa-reencuentro-07.jpg 1250w\" sizes=\"auto, (max-width: 1024px) 100vw, 1024px\" \/><\/figure><\/li><\/ul><\/figure>\n\n\n\n<p><strong>MEN\u00da CULTURAL<\/strong><\/p>\n\n\n\n<p>Men\u00fa Cultural es una propuesta cultural alternativa que se desarrolla en locales gastron\u00f3micos a \u00faltima hora de la tarde. Consiste en ofrecer \u200cpresentaciones\u200c \u200cen\u200c \u200cvivo\u200c \u200cde actividades diversas, como conferencias, m\u00fasica y\u200c \u200cteatro, fortaleciendo\u200c \u200cla\u200c \u200cfunci\u00f3n\u200c \u200csocial\u200c \u200cy\u200c \u200ccultural\u200c \u200cde\u200c bares y restaurantes.\u200c<br>Las sedes que participan en esta propuesta van rotando y ofrecen \u200ccomo\u200c \u200copci\u00f3n\u200c \u200cun\u200c \u200cmen\u00fa\u200c \u200cespecial para el evento,\u200c \u200cpor\u200c \u200cun\u200c \u200cvalor\u200c \u200c\u200caccesible\u200c, \u200cpara\u200c \u200cfavorecer\u200c \u200cla\u200c \u200cconcurrencia\u200c \u200cde\u200c \u200cp\u00fablico.\u200c \u200c<br>Para realizar las presentaciones se convoca a personas que est\u00e1n inscriptas en el Registro de Trabajadores e la Cultura, Ordenanza N\u00b0 13037.<br>Esta actividad se enmarca en el protocolo provincial R58MJG.<\/p>\n\n\n\n<p><strong>CALLE CULTURAL<\/strong><\/p>\n\n\n\n<p>Calle Cultural es una novedosa propuesta para el verano que lleva el arte callejero a los barrios.<br>Para realizar las funciones se convoca a artistas que est\u00e1n inscriptos en el Registro de Trabajadores e la Cultura, Ordenanza N\u00b0 13037.<br>Esta actividad se enmarca en el protocolo provincial R58MJG.<\/p>\n","protected":false},"excerpt":{"rendered":"<p>Men\u00fa Cultural y Calle Cultural se suman a los programas de verano. <a href=\"https:\/\/cultura.sma.gob.ar\/?p=1031\" class=\"more-link\">Continue reading <span class=\"screen-reader-text\">NUEVAS PROPUESTAS CULTURALES DE VERANO<\/span><\/a><\/p>\n","protected":false},"author":1,"featured_media":296,"comment_status":"closed","ping_status":"","sticky":false,"template":"","format":"image","meta":{"footnotes":""},"categories":[3,9],"tags":[],"class_list":["post-1031","post","type-post","status-publish","format-image","has-post-thumbnail","hentry","category-eventos-cultura","category-ultimas-noticias","post_format-post-format-image"],"_links":{"self":[{"href":"https:\/\/cultura.sma.gob.ar\/index.php?rest_route=\/wp\/v2\/posts\/1031","targetHints":{"allow":["GET"]}}],"collection":[{"href":"https:\/\/cultura.sma.gob.ar\/index.php?rest_route=\/wp\/v2\/posts"}],"about":[{"href":"https:\/\/cultura.sma.gob.ar\/index.php?rest_route=\/wp\/v2\/types\/post"}],"author":[{"embeddable":true,"href":"https:\/\/cultura.sma.gob.ar\/index.php?rest_route=\/wp\/v2\/users\/1"}],"replies":[{"embeddable":true,"href":"https:\/\/cultura.sma.gob.ar\/index.php?rest_route=%2Fwp%2Fv2%2Fcomments&post=1031"}],"version-history":[{"count":1,"href":"https:\/\/cultura.sma.gob.ar\/index.php?rest_route=\/wp\/v2\/posts\/1031\/revisions"}],"predecessor-version":[{"id":1034,"href":"https:\/\/cultura.sma.gob.ar\/index.php?rest_route=\/wp\/v2\/posts\/1031\/revisions\/1034"}],"wp:featuredmedia":[{"embeddable":true,"href":"https:\/\/cultura.sma.gob.ar\/index.php?rest_route=\/wp\/v2\/media\/296"}],"wp:attachment":[{"href":"https:\/\/cultura.sma.gob.ar\/index.php?rest_route=%2Fwp%2Fv2%2Fmedia&parent=1031"}],"wp:term":[{"taxonomy":"category","embeddable":true,"href":"https:\/\/cultura.sma.gob.ar\/index.php?rest_route=%2Fwp%2Fv2%2Fcategories&post=1031"},{"taxonomy":"post_tag","embeddable":true,"href":"https:\/\/cultura.sma.gob.ar\/index.php?rest_route=%2Fwp%2Fv2%2Ftags&post=1031"}],"curies":[{"name":"wp","href":"https:\/\/api.w.org\/{rel}","templated":true}]}}