{"id":1023,"date":"2021-01-19T11:25:53","date_gmt":"2021-01-19T14:25:53","guid":{"rendered":"http:\/\/cultura.sma.gob.ar\/?p=1023"},"modified":"2021-01-19T11:25:53","modified_gmt":"2021-01-19T14:25:53","slug":"conversatorio-sobre-la-vida-y-obra-de-bertha-koessler-2","status":"publish","type":"post","link":"https:\/\/cultura.sma.gob.ar\/?p=1023","title":{"rendered":"Conversatorio sobre la vida y obra de Bertha Koessler"},"content":{"rendered":"\n<figure class=\"wp-block-image size-large\"><img loading=\"lazy\" decoding=\"async\" width=\"526\" height=\"526\" src=\"http:\/\/cultura.sma.gob.ar\/wp-content\/uploads\/2021\/01\/Herminia.jpg\" alt=\"\" class=\"wp-image-1024\" srcset=\"https:\/\/cultura.sma.gob.ar\/wp-content\/uploads\/2021\/01\/Herminia.jpg 526w, https:\/\/cultura.sma.gob.ar\/wp-content\/uploads\/2021\/01\/Herminia-300x300.jpg 300w, https:\/\/cultura.sma.gob.ar\/wp-content\/uploads\/2021\/01\/Herminia-150x150.jpg 150w, https:\/\/cultura.sma.gob.ar\/wp-content\/uploads\/2021\/01\/Herminia-90x90.jpg 90w\" sizes=\"auto, (max-width: 526px) 100vw, 526px\" \/><\/figure>\n\n\n\n<p>\u00a0El Ministerio de las Culturas de la Provincia invita a participar del ciclo:\u00a0\u00a0\u201cLecturas del Neuqu\u00e9n\u201d, durante el cual el\u00a0 jueves 21 de enero a las 11 horas, participar\u00e1 la Prof. Herminia Navarro Hartmann, quien abordar\u00e1 &#8220;El legado de Bertha Koessler&#8221;.\u00a0Los interesados en participar deben inscribirse en la direcci\u00f3n electr\u00f3nica\u00a0<a href=\"https:\/\/correo.smandes.gov.ar\/owa\/redir.aspx?C=fb5d0f4ba0224a96be92541ac62f8578&amp;URL=mailto%3acasadegregorio%40gmail.com\">casadegregorio@gmail.com<\/a>, para recibir la clave que permite el acceso a la reuni\u00f3n virtual.\u00a0 \u00a0Herminia Navarro es profesora en Letras y Mag\u00edster en Ling\u00fc\u00edstica de la Universidad Nacional de La Plata. Ejerci\u00f3 la docencia en instituciones de las provincias de Buenos Aires, R\u00edo Negro y Neuqu\u00e9n. Realiza sus investigaciones sobre lengua y cultura mapuches en comunidades neuquinas. Recibi\u00f3 el premio &#8220;Lola Mora, homenaje a las mujeres de la cultura neuquina en el rubro Investigaci\u00f3n cultural y el primer premio en el Concurso de Ensayo Identidad Neuquina.\u00a0 \u00a0 \u00a0 \u00a0 \u00a0 \u00a0 \u00a0 \u00a0 \u00a0 \u00a0 \u00a0 \u00a0 \u00a0 \u00a0 \u00a0 \u00a0<\/p>\n\n\n\n<p> Integra el Centro de Estudios e Investigaciones Ling\u00fc\u00edsticas de la Universidad Nacional de La Plata y el Grupo de Estudios Antropol\u00f3gicos de la Universidad Nacional de Mar del Plata. Forma parte de los comit\u00e9s cient\u00edficos de dos revistas colombianas de ling\u00fc\u00edstica y es Directora por Argentina de la Sociedad Latinoamericana de Estudios Interculturales.\u00a0 Ha publicado &#8220;El universo po\u00e9tico mapuche&#8221;, &#8220;Poes\u00eda mapuche&#8221; y varios trabajos vinculados con esa cultura.\u00a0 \u00a0 \u00a0 \u00a0 \u00a0 \u00a0 \u00a0 \u00a0 \u00a0 \u00a0 \u00a0 \u00a0 \u00a0 \u00a0 \u00a0 \u00a0 <\/p>\n\n\n\n<p>Este ciclo de conversatorios implementado desde el \u00c1rea de Patrimonio Cultural de la Provincia por Ra\u00fal Mansilla y Anyel\u00e9n Cuevas y coordina la Lic. Ana Mar\u00eda de Mena, intenta\u00a0visibilizar la figura de la eminente folklor\u00f3loga Bertha Koessler Ilg, que fue vecina de San Mart\u00edn de los Andes, estudiosa que desarroll\u00f3 una intensa actividad de recuperaci\u00f3n de relatos orales por m\u00e1s de cuarenta a\u00f1os en el sur del Neuqu\u00e9n. Su vasta obra merece ser reconsiderada y difundida ya que es parte del patrimonio cultural del Neuqu\u00e9n.\u00a0Es, adem\u00e1s, un necesario homenaje a qui\u00e9n recolect\u00f3 cientos de historias sobre las comunidades originarias del sur de nuestra provincia.<\/p>\n","protected":false},"excerpt":{"rendered":"<p>Jueves 21 a las 11hs &#8211; Actividad virtual <a href=\"https:\/\/cultura.sma.gob.ar\/?p=1023\" class=\"more-link\">Continue reading <span class=\"screen-reader-text\">Conversatorio sobre la vida y obra de Bertha Koessler<\/span><\/a><\/p>\n","protected":false},"author":1,"featured_media":297,"comment_status":"closed","ping_status":"","sticky":false,"template":"","format":"image","meta":{"footnotes":""},"categories":[2,9],"tags":[],"class_list":["post-1023","post","type-post","status-publish","format-image","has-post-thumbnail","hentry","category-ciudad-cultural","category-ultimas-noticias","post_format-post-format-image"],"_links":{"self":[{"href":"https:\/\/cultura.sma.gob.ar\/index.php?rest_route=\/wp\/v2\/posts\/1023","targetHints":{"allow":["GET"]}}],"collection":[{"href":"https:\/\/cultura.sma.gob.ar\/index.php?rest_route=\/wp\/v2\/posts"}],"about":[{"href":"https:\/\/cultura.sma.gob.ar\/index.php?rest_route=\/wp\/v2\/types\/post"}],"author":[{"embeddable":true,"href":"https:\/\/cultura.sma.gob.ar\/index.php?rest_route=\/wp\/v2\/users\/1"}],"replies":[{"embeddable":true,"href":"https:\/\/cultura.sma.gob.ar\/index.php?rest_route=%2Fwp%2Fv2%2Fcomments&post=1023"}],"version-history":[{"count":1,"href":"https:\/\/cultura.sma.gob.ar\/index.php?rest_route=\/wp\/v2\/posts\/1023\/revisions"}],"predecessor-version":[{"id":1025,"href":"https:\/\/cultura.sma.gob.ar\/index.php?rest_route=\/wp\/v2\/posts\/1023\/revisions\/1025"}],"wp:featuredmedia":[{"embeddable":true,"href":"https:\/\/cultura.sma.gob.ar\/index.php?rest_route=\/wp\/v2\/media\/297"}],"wp:attachment":[{"href":"https:\/\/cultura.sma.gob.ar\/index.php?rest_route=%2Fwp%2Fv2%2Fmedia&parent=1023"}],"wp:term":[{"taxonomy":"category","embeddable":true,"href":"https:\/\/cultura.sma.gob.ar\/index.php?rest_route=%2Fwp%2Fv2%2Fcategories&post=1023"},{"taxonomy":"post_tag","embeddable":true,"href":"https:\/\/cultura.sma.gob.ar\/index.php?rest_route=%2Fwp%2Fv2%2Ftags&post=1023"}],"curies":[{"name":"wp","href":"https:\/\/api.w.org\/{rel}","templated":true}]}}