{"id":1012,"date":"2021-01-12T09:41:00","date_gmt":"2021-01-12T12:41:00","guid":{"rendered":"http:\/\/cultura.sma.gob.ar\/?p=1012"},"modified":"2021-01-12T09:41:00","modified_gmt":"2021-01-12T12:41:00","slug":"mucha-musica-en-la-calle-una-nueva-propuesta-para-este-verano","status":"publish","type":"post","link":"https:\/\/cultura.sma.gob.ar\/?p=1012","title":{"rendered":"MUCHA M\u00daSICA EN LA CALLE: UNA NUEVA PROPUESTA PARA ESTE VERANO"},"content":{"rendered":"\n<figure class=\"wp-block-image size-large\"><img loading=\"lazy\" decoding=\"async\" width=\"1024\" height=\"1024\" src=\"http:\/\/cultura.sma.gob.ar\/wp-content\/uploads\/2021\/01\/mucha-musica-en-la-calle-01-1024x1024.jpg\" alt=\"\" class=\"wp-image-1013\" srcset=\"https:\/\/cultura.sma.gob.ar\/wp-content\/uploads\/2021\/01\/mucha-musica-en-la-calle-01-1024x1024.jpg 1024w, https:\/\/cultura.sma.gob.ar\/wp-content\/uploads\/2021\/01\/mucha-musica-en-la-calle-01-300x300.jpg 300w, https:\/\/cultura.sma.gob.ar\/wp-content\/uploads\/2021\/01\/mucha-musica-en-la-calle-01-150x150.jpg 150w, https:\/\/cultura.sma.gob.ar\/wp-content\/uploads\/2021\/01\/mucha-musica-en-la-calle-01-768x768.jpg 768w, https:\/\/cultura.sma.gob.ar\/wp-content\/uploads\/2021\/01\/mucha-musica-en-la-calle-01-1536x1536.jpg 1536w, https:\/\/cultura.sma.gob.ar\/wp-content\/uploads\/2021\/01\/mucha-musica-en-la-calle-01-90x90.jpg 90w, https:\/\/cultura.sma.gob.ar\/wp-content\/uploads\/2021\/01\/mucha-musica-en-la-calle-01.jpg 1875w\" sizes=\"auto, (max-width: 1024px) 100vw, 1024px\" \/><\/figure>\n\n\n\n<p>La Secretar\u00eda de Cultura comunica que este verano <strong>no se realizar\u00e1n las tradicionales Noche de las Artes debido al contexto de pandemia.<\/strong> En su lugar se organizar\u00e1n otros eventos que se ajustan a los protocolos sanitarios vigentes.<\/p>\n\n\n\n<p>Uno de ellos ser\u00e1 <strong>MUCHA M\u00daSICA EN LA CALLE:<\/strong><\/p>\n\n\n\n<p>Esta propuesta tendr\u00e1 al menos <strong>4 ediciones<\/strong> durante los meses de enero y febrero, y consistir\u00e1 en <strong>presentaciones de bandas locales<\/strong> en <strong>espacios controlados y delimitados<\/strong>. Para esto se utilizar\u00e1n calles transversales a la avenida San Mart\u00edn, cerrando al tr\u00e1nsito s\u00f3lo una cuadra por evento, y articulando con <strong>locales gastron\u00f3micos<\/strong> que podr\u00e1n sacar mesas al espacio p\u00fablico.<\/p>\n\n\n\n<p>Se convocar\u00e1 a bandas que est\u00e9n inscriptas en el <strong>Registro de Trabajadores de la Cultura,<\/strong> Ordenanza N\u00b0 13037. Todas las funciones ser\u00e1n gratuitas.<\/p>\n\n\n\n<p>Esta actividad se enmarca en el protocolo provincial R58MJG y el decreto nacional DNU 956\/2020.<\/p>\n\n\n\n<p>Por otra parte, habr\u00e1 otra propuestas tanto en el centro como en los barrios de la ciudad, que anunciaremos en los pr\u00f3ximos d\u00edas.<\/p>\n","protected":false},"excerpt":{"rendered":"<p>Propuesta para este verano 2021 <a href=\"https:\/\/cultura.sma.gob.ar\/?p=1012\" class=\"more-link\">Continue reading <span class=\"screen-reader-text\">MUCHA M\u00daSICA EN LA CALLE: UNA NUEVA PROPUESTA PARA ESTE VERANO<\/span><\/a><\/p>\n","protected":false},"author":1,"featured_media":296,"comment_status":"closed","ping_status":"","sticky":false,"template":"","format":"image","meta":{"footnotes":""},"categories":[3,9],"tags":[],"class_list":["post-1012","post","type-post","status-publish","format-image","has-post-thumbnail","hentry","category-eventos-cultura","category-ultimas-noticias","post_format-post-format-image"],"_links":{"self":[{"href":"https:\/\/cultura.sma.gob.ar\/index.php?rest_route=\/wp\/v2\/posts\/1012","targetHints":{"allow":["GET"]}}],"collection":[{"href":"https:\/\/cultura.sma.gob.ar\/index.php?rest_route=\/wp\/v2\/posts"}],"about":[{"href":"https:\/\/cultura.sma.gob.ar\/index.php?rest_route=\/wp\/v2\/types\/post"}],"author":[{"embeddable":true,"href":"https:\/\/cultura.sma.gob.ar\/index.php?rest_route=\/wp\/v2\/users\/1"}],"replies":[{"embeddable":true,"href":"https:\/\/cultura.sma.gob.ar\/index.php?rest_route=%2Fwp%2Fv2%2Fcomments&post=1012"}],"version-history":[{"count":1,"href":"https:\/\/cultura.sma.gob.ar\/index.php?rest_route=\/wp\/v2\/posts\/1012\/revisions"}],"predecessor-version":[{"id":1014,"href":"https:\/\/cultura.sma.gob.ar\/index.php?rest_route=\/wp\/v2\/posts\/1012\/revisions\/1014"}],"wp:featuredmedia":[{"embeddable":true,"href":"https:\/\/cultura.sma.gob.ar\/index.php?rest_route=\/wp\/v2\/media\/296"}],"wp:attachment":[{"href":"https:\/\/cultura.sma.gob.ar\/index.php?rest_route=%2Fwp%2Fv2%2Fmedia&parent=1012"}],"wp:term":[{"taxonomy":"category","embeddable":true,"href":"https:\/\/cultura.sma.gob.ar\/index.php?rest_route=%2Fwp%2Fv2%2Fcategories&post=1012"},{"taxonomy":"post_tag","embeddable":true,"href":"https:\/\/cultura.sma.gob.ar\/index.php?rest_route=%2Fwp%2Fv2%2Ftags&post=1012"}],"curies":[{"name":"wp","href":"https:\/\/api.w.org\/{rel}","templated":true}]}}