{"id":1008,"date":"2021-01-12T09:31:39","date_gmt":"2021-01-12T12:31:39","guid":{"rendered":"http:\/\/cultura.sma.gob.ar\/?p=1008"},"modified":"2021-01-12T09:31:39","modified_gmt":"2021-01-12T12:31:39","slug":"5-ritmos-extatic-dance-nuevo-taller-del-centro-cultural-cotesma","status":"publish","type":"post","link":"https:\/\/cultura.sma.gob.ar\/?p=1008","title":{"rendered":"5 ritmos\/extatic dance: nuevo taller del Centro Cultural Cotesma"},"content":{"rendered":"\n<figure class=\"wp-block-image size-large\"><img loading=\"lazy\" decoding=\"async\" width=\"791\" height=\"1024\" src=\"http:\/\/cultura.sma.gob.ar\/wp-content\/uploads\/2021\/01\/5-Ritmos-Flyers-final-15-de-enero-791x1024.jpg\" alt=\"\" class=\"wp-image-1009\" srcset=\"https:\/\/cultura.sma.gob.ar\/wp-content\/uploads\/2021\/01\/5-Ritmos-Flyers-final-15-de-enero-791x1024.jpg 791w, https:\/\/cultura.sma.gob.ar\/wp-content\/uploads\/2021\/01\/5-Ritmos-Flyers-final-15-de-enero-232x300.jpg 232w, https:\/\/cultura.sma.gob.ar\/wp-content\/uploads\/2021\/01\/5-Ritmos-Flyers-final-15-de-enero-768x994.jpg 768w, https:\/\/cultura.sma.gob.ar\/wp-content\/uploads\/2021\/01\/5-Ritmos-Flyers-final-15-de-enero-1187x1536.jpg 1187w, https:\/\/cultura.sma.gob.ar\/wp-content\/uploads\/2021\/01\/5-Ritmos-Flyers-final-15-de-enero-70x90.jpg 70w, https:\/\/cultura.sma.gob.ar\/wp-content\/uploads\/2021\/01\/5-Ritmos-Flyers-final-15-de-enero.jpg 1275w\" sizes=\"auto, (max-width: 791px) 100vw, 791px\" \/><\/figure>\n\n\n\n<p>Este verano se suma un nuevo taller a nuestra grilla. <strong>Desde el viernes 15 de enero (los viernes) de 19:30hs a 21hs en el Sal\u00f3n de Usos M\u00faltiples<\/strong> de nuestro querido Centro Cultural, el Instructor Internacional Jann Versch (Australia, Tailandia, Canad\u00e1, Reino Unido, Pa\u00edses Bajos, Nueva Zelanda, etc) realizar\u00e1 su taller \u201c5 RITMOS \/ EXTATIC DANCE\u201d.<\/p>\n\n\n\n<p><br>\u201c5 Ritmos \/ Extatic Dance\u201d es una meditaci\u00f3n en movimiento que se basa en que todo es energ\u00eda y se mueve en ondas, patrones y ritmos. Encarnar los 5 Ritmos es un viaje del alma a trav\u00e9s del movimiento del cuerpo estando en profundo contacto con el coraz\u00f3n y liberaci\u00f3n de la mente, y as\u00ed, conectar con la fuente de inspiraci\u00f3n y la sabidur\u00eda innata del cuerpo humano en la que cada individuo tiene posibilidades y potencial ilimitados.<\/p>\n\n\n\n<p><br>\u201c5 Ritmos \/ Extatic Dance\u201d usa aspectos de Chamanismo y Filosof\u00eda Oriental, as\u00ed como tambi\u00e9n de la Terapia Gestalt y Psicolog\u00eda Transpersonal. La exploraci\u00f3n durante la clase abarca reconocer las propias emociones, juegos de rol, el ciclo de la vida y de la muerte, expansi\u00f3n de la conciencia, introspecci\u00f3n\/contemplaci\u00f3n, las relaciones de la naturaleza propia y con otros humanos, espiritualidad y m\u00e1s\u2026<br>Hay dos enfoques en la clase que est\u00e1n entrelazados; en algunas ocasiones yo te voy a guiar usando una secuencia de m\u00fasica del mundo tejida intencionalmente para complementar tu viaje, y en otras ocasiones t\u00fa vas a sumergirte solo o sola en tu propio viaje de autodescubrimiento y autoexpresi\u00f3n.<\/p>\n\n\n\n<p><br>Cupos Limitados.<br>Para Inscripciones y mayores informes:&nbsp;<a href=\"https:\/\/correo.smandes.gov.ar\/owa\/redir.aspx?C=0c17dc6516eb40ce89b096728127daa6&amp;URL=mailto%3alisteninsilence%40protonmail.com\">listeninsilence@protonmail.com<\/a><\/p>\n","protected":false},"excerpt":{"rendered":"<p>Viernes de 19:30 a 21hs <a href=\"https:\/\/cultura.sma.gob.ar\/?p=1008\" class=\"more-link\">Continue reading <span class=\"screen-reader-text\">5 ritmos\/extatic dance: nuevo taller del Centro Cultural Cotesma<\/span><\/a><\/p>\n","protected":false},"author":1,"featured_media":297,"comment_status":"closed","ping_status":"","sticky":false,"template":"","format":"image","meta":{"footnotes":""},"categories":[2],"tags":[],"class_list":["post-1008","post","type-post","status-publish","format-image","has-post-thumbnail","hentry","category-ciudad-cultural","post_format-post-format-image"],"_links":{"self":[{"href":"https:\/\/cultura.sma.gob.ar\/index.php?rest_route=\/wp\/v2\/posts\/1008","targetHints":{"allow":["GET"]}}],"collection":[{"href":"https:\/\/cultura.sma.gob.ar\/index.php?rest_route=\/wp\/v2\/posts"}],"about":[{"href":"https:\/\/cultura.sma.gob.ar\/index.php?rest_route=\/wp\/v2\/types\/post"}],"author":[{"embeddable":true,"href":"https:\/\/cultura.sma.gob.ar\/index.php?rest_route=\/wp\/v2\/users\/1"}],"replies":[{"embeddable":true,"href":"https:\/\/cultura.sma.gob.ar\/index.php?rest_route=%2Fwp%2Fv2%2Fcomments&post=1008"}],"version-history":[{"count":1,"href":"https:\/\/cultura.sma.gob.ar\/index.php?rest_route=\/wp\/v2\/posts\/1008\/revisions"}],"predecessor-version":[{"id":1010,"href":"https:\/\/cultura.sma.gob.ar\/index.php?rest_route=\/wp\/v2\/posts\/1008\/revisions\/1010"}],"wp:featuredmedia":[{"embeddable":true,"href":"https:\/\/cultura.sma.gob.ar\/index.php?rest_route=\/wp\/v2\/media\/297"}],"wp:attachment":[{"href":"https:\/\/cultura.sma.gob.ar\/index.php?rest_route=%2Fwp%2Fv2%2Fmedia&parent=1008"}],"wp:term":[{"taxonomy":"category","embeddable":true,"href":"https:\/\/cultura.sma.gob.ar\/index.php?rest_route=%2Fwp%2Fv2%2Fcategories&post=1008"},{"taxonomy":"post_tag","embeddable":true,"href":"https:\/\/cultura.sma.gob.ar\/index.php?rest_route=%2Fwp%2Fv2%2Ftags&post=1008"}],"curies":[{"name":"wp","href":"https:\/\/api.w.org\/{rel}","templated":true}]}}