{"id":1004,"date":"2021-01-12T09:25:50","date_gmt":"2021-01-12T12:25:50","guid":{"rendered":"http:\/\/cultura.sma.gob.ar\/?p=1004"},"modified":"2021-01-12T09:25:50","modified_gmt":"2021-01-12T12:25:50","slug":"nimbus-en-el-centro-cultural-cotesma","status":"publish","type":"post","link":"https:\/\/cultura.sma.gob.ar\/?p=1004","title":{"rendered":"Nimbus en el Centro Cultural Cotesma"},"content":{"rendered":"\n<figure class=\"wp-block-image size-large\"><img loading=\"lazy\" decoding=\"async\" width=\"567\" height=\"765\" src=\"http:\/\/cultura.sma.gob.ar\/wp-content\/uploads\/2021\/01\/Nimbus-FLyer-1.jpg\" alt=\"\" class=\"wp-image-1005\" srcset=\"https:\/\/cultura.sma.gob.ar\/wp-content\/uploads\/2021\/01\/Nimbus-FLyer-1.jpg 567w, https:\/\/cultura.sma.gob.ar\/wp-content\/uploads\/2021\/01\/Nimbus-FLyer-1-222x300.jpg 222w, https:\/\/cultura.sma.gob.ar\/wp-content\/uploads\/2021\/01\/Nimbus-FLyer-1-67x90.jpg 67w\" sizes=\"auto, (max-width: 567px) 100vw, 567px\" \/><\/figure>\n\n\n\n<p><strong>El pr\u00f3ximo viernes, 22 de enero a las 19:30hs,<\/strong> continuamos con los shows presenciales en nuestro querido Centro Cultural. Llega\u00a0<em>NIMBUS<\/em>\u00a0con su Space Rock, una muy buena propuesta local, que se desarrollar\u00e1 con todos los protocolos sanitarios para que los disfrutes seguro y tranquilo.<\/p>\n\n\n\n<p><br><em>NIMBUS<\/em>\u00a0es un tr\u00edo formado en San Mart\u00edn de los Andes por Wal Cabrera en guitarra y voz, Israel Contreras en sintetizador y voz y Pato Lagazzi en percusi\u00f3n y coros.<br>La banda se define como space rock o rock espacial, un estilo forjado por sonidos s\u00f3lidos de bater\u00eda y guitarra y armonizado por las frecuencias oscilantes del sintetizador.<\/p>\n\n\n\n<p>La agenda 2021 de&nbsp;<em>NIMBUS<\/em>&nbsp;comienza con un show en el DOMO ArteFactum el domingo 17 de enero junto a otros artistas para luego desembarcar en nuestra querida Sala Amankay con su presentaci\u00f3n oficial, brindando un show a todo sonido y un ambiente entre estelar y c\u00f3smico.<\/p>\n\n\n\n<p>Cupos limitados por protocolo.<br>Entrada Anticipada $200 \u2013 El mismo d\u00eda $300.<\/p>\n\n\n\n<p><strong><u>&#8211; Muy pronto entradas en venta en la boleteria del Centro Cultural \u2013<\/u><\/strong><\/p>\n\n\n\n<p><em>*La realizaci\u00f3n del espect\u00e1culo est\u00e1 sujeta a las disposiciones sanitarias municipales.<\/em><\/p>\n\n\n\n<p>&nbsp;Como nubes en el cielo, se avecinan nuevas presentaciones en vivo.<br>Seguilos en redes:<br>IG: @nimbus.banda<br>Mail:&nbsp;<a href=\"https:\/\/correo.smandes.gov.ar\/owa\/redir.aspx?C=0c17dc6516eb40ce89b096728127daa6&amp;URL=mailto%3animbus.banda%40gmail.com\">nimbus.banda@gmail.com<\/a><\/p>\n","protected":false},"excerpt":{"rendered":"<p>Viernes 22 a las 19:30hs <a href=\"https:\/\/cultura.sma.gob.ar\/?p=1004\" class=\"more-link\">Continue reading <span class=\"screen-reader-text\">Nimbus en el Centro Cultural Cotesma<\/span><\/a><\/p>\n","protected":false},"author":1,"featured_media":297,"comment_status":"closed","ping_status":"","sticky":false,"template":"","format":"image","meta":{"footnotes":""},"categories":[2],"tags":[],"class_list":["post-1004","post","type-post","status-publish","format-image","has-post-thumbnail","hentry","category-ciudad-cultural","post_format-post-format-image"],"_links":{"self":[{"href":"https:\/\/cultura.sma.gob.ar\/index.php?rest_route=\/wp\/v2\/posts\/1004","targetHints":{"allow":["GET"]}}],"collection":[{"href":"https:\/\/cultura.sma.gob.ar\/index.php?rest_route=\/wp\/v2\/posts"}],"about":[{"href":"https:\/\/cultura.sma.gob.ar\/index.php?rest_route=\/wp\/v2\/types\/post"}],"author":[{"embeddable":true,"href":"https:\/\/cultura.sma.gob.ar\/index.php?rest_route=\/wp\/v2\/users\/1"}],"replies":[{"embeddable":true,"href":"https:\/\/cultura.sma.gob.ar\/index.php?rest_route=%2Fwp%2Fv2%2Fcomments&post=1004"}],"version-history":[{"count":1,"href":"https:\/\/cultura.sma.gob.ar\/index.php?rest_route=\/wp\/v2\/posts\/1004\/revisions"}],"predecessor-version":[{"id":1006,"href":"https:\/\/cultura.sma.gob.ar\/index.php?rest_route=\/wp\/v2\/posts\/1004\/revisions\/1006"}],"wp:featuredmedia":[{"embeddable":true,"href":"https:\/\/cultura.sma.gob.ar\/index.php?rest_route=\/wp\/v2\/media\/297"}],"wp:attachment":[{"href":"https:\/\/cultura.sma.gob.ar\/index.php?rest_route=%2Fwp%2Fv2%2Fmedia&parent=1004"}],"wp:term":[{"taxonomy":"category","embeddable":true,"href":"https:\/\/cultura.sma.gob.ar\/index.php?rest_route=%2Fwp%2Fv2%2Fcategories&post=1004"},{"taxonomy":"post_tag","embeddable":true,"href":"https:\/\/cultura.sma.gob.ar\/index.php?rest_route=%2Fwp%2Fv2%2Ftags&post=1004"}],"curies":[{"name":"wp","href":"https:\/\/api.w.org\/{rel}","templated":true}]}}