{"id":6776,"date":"2025-12-15T09:30:03","date_gmt":"2025-12-15T12:30:03","guid":{"rendered":"https:\/\/cultura.sma.gob.ar\/?p=6776"},"modified":"2025-12-15T09:30:03","modified_gmt":"2025-12-15T12:30:03","slug":"abrio-la-convocatoria-para-participar-de-la-noche-de-las-artes-2026","status":"publish","type":"post","link":"http:\/\/cultura.sma.gob.ar\/?p=6776","title":{"rendered":"Abri\u00f3 la convocatoria para participar de la Noche de las Artes 2026"},"content":{"rendered":"\n<figure class=\"wp-block-image size-large\"><img loading=\"lazy\" decoding=\"async\" width=\"819\" height=\"1024\" src=\"https:\/\/cultura.sma.gob.ar\/wp-content\/uploads\/2025\/12\/r-1-819x1024.png\" alt=\"\" class=\"wp-image-6777\" srcset=\"http:\/\/cultura.sma.gob.ar\/wp-content\/uploads\/2025\/12\/r-1-819x1024.png 819w, http:\/\/cultura.sma.gob.ar\/wp-content\/uploads\/2025\/12\/r-1-240x300.png 240w, http:\/\/cultura.sma.gob.ar\/wp-content\/uploads\/2025\/12\/r-1-768x960.png 768w, http:\/\/cultura.sma.gob.ar\/wp-content\/uploads\/2025\/12\/r-1-1229x1536.png 1229w, http:\/\/cultura.sma.gob.ar\/wp-content\/uploads\/2025\/12\/r-1-72x90.png 72w, http:\/\/cultura.sma.gob.ar\/wp-content\/uploads\/2025\/12\/r-1.png 1638w\" sizes=\"auto, (max-width: 819px) 100vw, 819px\" \/><\/figure>\n\n\n\n<p>El domingo 18 de enero se realizar\u00e1 la primera Noche de las Artes del 2026. Como siempre la Avenida San Mart\u00edn se convertir\u00e1 en una gran peatonal cultural, y ser\u00e1 una fiesta del arte callejero. Este es uno de los eventos m\u00e1s esperados por vecinas, vecinos y visitantes de la ciudad, en el que se conjugan propuestas para todos los gustos y edades.<\/p>\n\n\n\n<p>\u00a1ATENCI\u00d3N ARTISTAS INTERESADOS EN PARTICIPAR!: las inscripciones se realizar\u00e1n en la Secretar\u00eda de Cultura (Cap. Drury 665), los d\u00edas h\u00e1biles, desde el lunes 15 de diciembre hasta el martes 6 de enero de 8:00 a 15:00hs.<\/p>\n\n\n\n<p>La convocatoria est\u00e1 destinada a los siguientes rubros: artes pl\u00e1sticas, fotograf\u00eda, producciones audiovisuales, m\u00fasica, danzas, teatro, circo, t\u00edteres, bibliotecas, librer\u00edas y editoriales, y artes y oficios.<\/p>\n\n\n\n<p>Se establece un cupo m\u00e1ximo de 70 \u201cpresentaciones esc\u00e9nicas\u201d, para las cuales se respetar\u00e1 el orden de inscripci\u00f3n. Los que se inscriban posteriormente quedar\u00e1n en lista de espera.<\/p>\n\n\n\n<p>\u2757\u2757Importante: los grupos que hagan \u201cpresentaciones esc\u00e9nicas\u201d y deseen actuar en un mismo espacio f\u00edsico, uno a continuaci\u00f3n de otro (porque comparten sonido o por cualquier otra raz\u00f3n), deber\u00e1n presentarse juntos al momento de hacer la inscripci\u00f3n. Para la modalidad \u201cen continuado\u201d se aceptar\u00e1n un m\u00e1ximo de cuatro presentaciones esc\u00e9nicas.<\/p>\n\n\n\n<p>Para los \u201cexpositores\u201d (artes visuales, literatura y artes y oficios) no habr\u00e1 l\u00edmite de participaci\u00f3n.<\/p>\n\n\n\n<p>\ud83d\udcf2 Para m\u00e1s informaci\u00f3n comunicarse al (02972) 427-315 int. 361, de lunes a viernes de 8 a 15hs.<\/p>\n","protected":false},"excerpt":{"rendered":"<p>El domingo 18 de enero se realizar\u00e1 la primera Noche de las Artes del 2026. Como siempre la Avenida San Mart\u00edn se convertir\u00e1 en una gran peatonal cultural, y ser\u00e1 una fiesta del arte callejero. Este es uno de los eventos m\u00e1s esperados por vecinas, vecinos y visitantes de la ciudad, en el que se conjugan propuestas para todos los gustos y edades. \u00a1ATENCI\u00d3N ARTISTAS &hellip; <a href=\"http:\/\/cultura.sma.gob.ar\/?p=6776\" class=\"more-link\">Continue reading <span class=\"screen-reader-text\">Abri\u00f3 la convocatoria para participar de la Noche de las Artes 2026<\/span><\/a><\/p>\n","protected":false},"author":3,"featured_media":296,"comment_status":"closed","ping_status":"","sticky":false,"template":"","format":"image","meta":{"footnotes":""},"categories":[3,9],"tags":[],"class_list":["post-6776","post","type-post","status-publish","format-image","has-post-thumbnail","hentry","category-eventos-cultura","category-ultimas-noticias","post_format-post-format-image"],"_links":{"self":[{"href":"http:\/\/cultura.sma.gob.ar\/index.php?rest_route=\/wp\/v2\/posts\/6776","targetHints":{"allow":["GET"]}}],"collection":[{"href":"http:\/\/cultura.sma.gob.ar\/index.php?rest_route=\/wp\/v2\/posts"}],"about":[{"href":"http:\/\/cultura.sma.gob.ar\/index.php?rest_route=\/wp\/v2\/types\/post"}],"author":[{"embeddable":true,"href":"http:\/\/cultura.sma.gob.ar\/index.php?rest_route=\/wp\/v2\/users\/3"}],"replies":[{"embeddable":true,"href":"http:\/\/cultura.sma.gob.ar\/index.php?rest_route=%2Fwp%2Fv2%2Fcomments&post=6776"}],"version-history":[{"count":1,"href":"http:\/\/cultura.sma.gob.ar\/index.php?rest_route=\/wp\/v2\/posts\/6776\/revisions"}],"predecessor-version":[{"id":6778,"href":"http:\/\/cultura.sma.gob.ar\/index.php?rest_route=\/wp\/v2\/posts\/6776\/revisions\/6778"}],"wp:featuredmedia":[{"embeddable":true,"href":"http:\/\/cultura.sma.gob.ar\/index.php?rest_route=\/wp\/v2\/media\/296"}],"wp:attachment":[{"href":"http:\/\/cultura.sma.gob.ar\/index.php?rest_route=%2Fwp%2Fv2%2Fmedia&parent=6776"}],"wp:term":[{"taxonomy":"category","embeddable":true,"href":"http:\/\/cultura.sma.gob.ar\/index.php?rest_route=%2Fwp%2Fv2%2Fcategories&post=6776"},{"taxonomy":"post_tag","embeddable":true,"href":"http:\/\/cultura.sma.gob.ar\/index.php?rest_route=%2Fwp%2Fv2%2Ftags&post=6776"}],"curies":[{"name":"wp","href":"https:\/\/api.w.org\/{rel}","templated":true}]}}